{"id":10961,"date":"2023-08-28T17:15:49","date_gmt":"2023-08-28T17:15:49","guid":{"rendered":"https:\/\/www.vision-clinic.es\/retinografia-per-a-que-serveix-la-fotografia-de-la-retina-o-fons-dull\/"},"modified":"2023-09-19T15:54:27","modified_gmt":"2023-09-19T15:54:27","slug":"retinografia-per-a-que-serveix-la-fotografia-de-la-retina-o-fons-dull","status":"publish","type":"post","link":"https:\/\/www.vision-clinic.es\/ca\/retinografia-per-a-que-serveix-la-fotografia-de-la-retina-o-fons-dull\/","title":{"rendered":"Retinografia: per a qu\u00e8 serveix la fotografia de la retina o fons d&#8217;ull?"},"content":{"rendered":"\t\t<div data-elementor-type=\"wp-post\" data-elementor-id=\"10961\" class=\"elementor elementor-10961 elementor-10945\" data-elementor-post-type=\"post\">\n\t\t\t\t\t\t<section class=\"elementor-section elementor-top-section elementor-element elementor-element-2e79c5e elementor-section-boxed elementor-section-height-default elementor-section-height-default\" data-id=\"2e79c5e\" data-element_type=\"section\" data-e-type=\"section\">\n\t\t\t\t\t\t<div class=\"elementor-container elementor-column-gap-default\">\n\t\t\t\t\t<div class=\"elementor-column elementor-col-100 elementor-top-column elementor-element elementor-element-130c974\" data-id=\"130c974\" data-element_type=\"column\" data-e-type=\"column\">\n\t\t\t<div class=\"elementor-widget-wrap elementor-element-populated\">\n\t\t\t\t\t\t<div class=\"elementor-element elementor-element-d6ff41f elementor-widget elementor-widget-text-editor\" data-id=\"d6ff41f\" data-element_type=\"widget\" data-e-type=\"widget\" data-widget_type=\"text-editor.default\">\n\t\t\t\t<div class=\"elementor-widget-container\">\n\t\t\t\t\t\t\t\t\t<p class=\"boto2\" align=\"left\"><strong>La retinografia \u00e9s una de les proves b\u00e0siques de la consulta d&#8217;oftalmologia: una fotografia de la retina o el fons d&#8217;ull que forma part de l&#8217;examen oftalmol\u00f2gic que qualsevol s&#8217;hauria de fer peri\u00f2dicament, especialment a partir dels 40 anys, per prevenir qualsevol malaltia visual. \u00c9s molt senzilla i permet detectar alteracions molt precoces. Ens ho explica l&#8217;optometrista de <a href=\"https:\/\/www.vision-clinic.es\/ca\/\">visi\u00f5nclinic+<\/a> Emma Pons.<\/strong><\/p>\n\t\t\t\t\t\t\t\t<\/div>\n\t\t\t\t<\/div>\n\t\t\t\t<div class=\"elementor-element elementor-element-462d84a elementor-widget elementor-widget-heading\" data-id=\"462d84a\" data-element_type=\"widget\" data-e-type=\"widget\" data-widget_type=\"heading.default\">\n\t\t\t\t<div class=\"elementor-widget-container\">\n\t\t\t\t\t<h2 class=\"elementor-heading-title elementor-size-medium\">Qu\u00e8 \u00e9s una retinografia?<\/h2>\t\t\t\t<\/div>\n\t\t\t\t<\/div>\n\t\t\t\t<div class=\"elementor-element elementor-element-74b872a elementor-widget elementor-widget-text-editor\" data-id=\"74b872a\" data-element_type=\"widget\" data-e-type=\"widget\" data-widget_type=\"text-editor.default\">\n\t\t\t\t<div class=\"elementor-widget-container\">\n\t\t\t\t\t\t\t\t\t<p class=\"boto2\" align=\"left\">La retinografia consisteix en una fotografia digitalitzada i magnificada \u2013feta amb un microscopi adaptat a una c\u00e0mera amb flaix\u2013 que ens mostra estructures de l&#8217;interior del globus ocular claus per a una bona visi\u00f3, com s\u00f3n la retina, la m\u00e0cula i el nervi \u00f2ptic. Gr\u00e0cies als retin\u00f2grafs de camp ampli que tenim a la nostra consulta, podem fer captures d&#8217;imatges panor\u00e0miques que abasten m\u00e9s del 80% de la retina i permeten detectar fins i tot les lesions m\u00e9s perif\u00e8riques: amb una \u00fanica imatge abasten una zona m\u00e9s extensa de la retina que les retinografies simples o centrals.<\/p>\t\t\t\t\t\t\t\t<\/div>\n\t\t\t\t<\/div>\n\t\t\t\t\t<\/div>\n\t\t<\/div>\n\t\t\t\t\t<\/div>\n\t\t<\/section>\n\t\t\t\t<section class=\"elementor-section elementor-top-section elementor-element elementor-element-7c33936 elementor-section-boxed elementor-section-height-default elementor-section-height-default\" data-id=\"7c33936\" data-element_type=\"section\" data-e-type=\"section\">\n\t\t\t\t\t\t<div class=\"elementor-container elementor-column-gap-default\">\n\t\t\t\t\t<div class=\"elementor-column elementor-col-100 elementor-top-column elementor-element elementor-element-6d7dcf7\" data-id=\"6d7dcf7\" data-element_type=\"column\" data-e-type=\"column\">\n\t\t\t<div class=\"elementor-widget-wrap elementor-element-populated\">\n\t\t\t\t\t\t<div class=\"elementor-element elementor-element-8ce556f elementor-widget elementor-widget-heading\" data-id=\"8ce556f\" data-element_type=\"widget\" data-e-type=\"widget\" data-widget_type=\"heading.default\">\n\t\t\t\t<div class=\"elementor-widget-container\">\n\t\t\t\t\t<h2 class=\"elementor-heading-title elementor-size-medium\">Com es fa una retinografia?\n<\/h2>\t\t\t\t<\/div>\n\t\t\t\t<\/div>\n\t\t\t\t<section class=\"elementor-section elementor-inner-section elementor-element elementor-element-9fc4ae9 elementor-section-boxed elementor-section-height-default elementor-section-height-default\" data-id=\"9fc4ae9\" data-element_type=\"section\" data-e-type=\"section\">\n\t\t\t\t\t\t<div class=\"elementor-container elementor-column-gap-default\">\n\t\t\t\t\t<div class=\"elementor-column elementor-col-100 elementor-inner-column elementor-element elementor-element-0c22fe4\" data-id=\"0c22fe4\" data-element_type=\"column\" data-e-type=\"column\">\n\t\t\t<div class=\"elementor-widget-wrap elementor-element-populated\">\n\t\t\t\t\t\t<div class=\"elementor-element elementor-element-29863c6 elementor-widget elementor-widget-text-editor\" data-id=\"29863c6\" data-element_type=\"widget\" data-e-type=\"widget\" data-widget_type=\"text-editor.default\">\n\t\t\t\t<div class=\"elementor-widget-container\">\n\t\t\t\t\t\t\t\t\t<p><span style=\"color: var( --e-global-color-text ); font-family: var( --e-global-typography-text-font-family ), Sans-serif; font-weight: var( --e-global-typography-text-font-weight ); font-size: var( --e-global-typography-ffd5103-font-size ); letter-spacing: var( --e-global-typography-ffd5103-letter-spacing ); word-spacing: var( --e-global-typography-ffd5103-word-spacing );\">La retinografia \u00e9s una prova&nbsp;<\/span><strong style=\"color: var( --e-global-color-text ); font-family: var( --e-global-typography-text-font-family ), Sans-serif; font-size: var( --e-global-typography-ffd5103-font-size ); letter-spacing: var( --e-global-typography-ffd5103-letter-spacing ); word-spacing: var( --e-global-typography-ffd5103-word-spacing );\">senzilla, indolora i no invasiva<\/strong>, que no requereix<span style=\"color: var( --e-global-color-text ); font-family: var( --e-global-typography-text-font-family ), Sans-serif; font-weight: var( --e-global-typography-text-font-weight ); font-size: var( --e-global-typography-ffd5103-font-size ); letter-spacing: var( --e-global-typography-ffd5103-letter-spacing ); word-spacing: var( --e-global-typography-ffd5103-word-spacing );\"><span style=\"color: var( --e-global-color-text ); font-family: var( --e-global-typography-text-font-family ), Sans-serif; font-weight: var( --e-global-typography-text-font-weight ); font-size: var( --e-global-typography-ffd5103-font-size ); letter-spacing: var( --e-global-typography-ffd5103-letter-spacing ); word-spacing: var( --e-global-typography-ffd5103-word-spacing );\"> contacte amb l&#8217;ull. \u00c9s molt r\u00e0pida, sol rondar entre 1 i 2 minuts per ull, depenent del tipus de retinografia. Siguin simples o<\/span><\/span>&nbsp;de camp ampli, requereixen dilataci\u00f3 pr\u00e8via de la pupil\u00b7la. Els col\u00b7liris midri\u00e0tics triguen uns 10-15 minuts a fer efecte i provoquen visi\u00f3 borrosa durant unes hores, per la qual cosa \u00e9s preferible anar-hi acompanyat.<\/p>\t\t\t\t\t\t\t\t<\/div>\n\t\t\t\t<\/div>\n\t\t\t\t\t<\/div>\n\t\t<\/div>\n\t\t\t\t\t<\/div>\n\t\t<\/section>\n\t\t\t\t\t<\/div>\n\t\t<\/div>\n\t\t\t\t\t<\/div>\n\t\t<\/section>\n\t\t\t\t<section class=\"elementor-section elementor-inner-section elementor-element elementor-element-9d626c1 elementor-section-content-middle elementor-section-boxed elementor-section-height-default elementor-section-height-default\" data-id=\"9d626c1\" data-element_type=\"section\" data-e-type=\"section\">\n\t\t\t\t\t\t<div class=\"elementor-container elementor-column-gap-custom\">\n\t\t\t\t\t<div class=\"elementor-column elementor-col-50 elementor-inner-column elementor-element elementor-element-514646e\" data-id=\"514646e\" data-element_type=\"column\" data-e-type=\"column\">\n\t\t\t<div class=\"elementor-widget-wrap elementor-element-populated\">\n\t\t\t\t\t\t<div class=\"elementor-element elementor-element-d1f7e23 elementor-widget elementor-widget-image\" data-id=\"d1f7e23\" data-element_type=\"widget\" data-e-type=\"widget\" data-widget_type=\"image.default\">\n\t\t\t\t<div class=\"elementor-widget-container\">\n\t\t\t\t\t\t\t\t\t\t\t\t\t\t\t<img decoding=\"async\" width=\"200\" height=\"202\" src=\"https:\/\/www.vision-clinic.es\/wp-content\/uploads\/2022\/02\/Emma-Pons-e1693241394740.png\" class=\"attachment-medium_large size-medium_large wp-image-9992\" alt=\"\" style=\"width:100%;height:101%;max-width:200px\" \/>\t\t\t\t\t\t\t\t\t\t\t\t\t\t\t<\/div>\n\t\t\t\t<\/div>\n\t\t\t\t<div class=\"elementor-element elementor-element-cb2d849 elementor-widget elementor-widget-text-editor\" data-id=\"cb2d849\" data-element_type=\"widget\" data-e-type=\"widget\" data-widget_type=\"text-editor.default\">\n\t\t\t\t<div class=\"elementor-widget-container\">\n\t\t\t\t\t\t\t\t\t<p style=\"text-align: center;\">Emma Pons<\/p>\n\t\t\t\t\t\t\t\t<\/div>\n\t\t\t\t<\/div>\n\t\t\t\t\t<\/div>\n\t\t<\/div>\n\t\t\t\t<div class=\"elementor-column elementor-col-50 elementor-inner-column elementor-element elementor-element-b05de95\" data-id=\"b05de95\" data-element_type=\"column\" data-e-type=\"column\">\n\t\t\t<div class=\"elementor-widget-wrap elementor-element-populated\">\n\t\t\t\t\t\t<div class=\"elementor-element elementor-element-45745a7 elementor-widget elementor-widget-heading\" data-id=\"45745a7\" data-element_type=\"widget\" data-e-type=\"widget\" data-widget_type=\"heading.default\">\n\t\t\t\t<div class=\"elementor-widget-container\">\n\t\t\t\t\t<h4 class=\"elementor-heading-title elementor-size-medium\">\"La retinografia permet detectar patologies de la retina que romanen asimptom\u00e0tiques i controlar l\u00b4evoluci\u00f3 d\u00b4altres ja diagnosticades: proporciona informaci\u00f3 sobre l\u00b4estat d\u00b4estructures com m\u00e0cula, nervi \u00f2ptic i vascularitzaci\u00f3 de la retina\"<\/h4>\t\t\t\t<\/div>\n\t\t\t\t<\/div>\n\t\t\t\t\t<\/div>\n\t\t<\/div>\n\t\t\t\t\t<\/div>\n\t\t<\/section>\n\t\t\t\t<section class=\"elementor-section elementor-top-section elementor-element elementor-element-140ca56 elementor-section-boxed elementor-section-height-default elementor-section-height-default\" data-id=\"140ca56\" data-element_type=\"section\" data-e-type=\"section\">\n\t\t\t\t\t\t<div class=\"elementor-container elementor-column-gap-default\">\n\t\t\t\t\t<div class=\"elementor-column elementor-col-100 elementor-top-column elementor-element elementor-element-3c5755b\" data-id=\"3c5755b\" data-element_type=\"column\" data-e-type=\"column\">\n\t\t\t<div class=\"elementor-widget-wrap elementor-element-populated\">\n\t\t\t\t\t\t<div class=\"elementor-element elementor-element-fa81ca3 elementor-widget elementor-widget-heading\" data-id=\"fa81ca3\" data-element_type=\"widget\" data-e-type=\"widget\" data-widget_type=\"heading.default\">\n\t\t\t\t<div class=\"elementor-widget-container\">\n\t\t\t\t\t<h2 class=\"elementor-heading-title elementor-size-medium\">Qu\u00e8 ens permet diagnosticar la retinografia?\n<\/h2>\t\t\t\t<\/div>\n\t\t\t\t<\/div>\n\t\t\t\t<section class=\"elementor-section elementor-inner-section elementor-element elementor-element-12019d9 elementor-section-boxed elementor-section-height-default elementor-section-height-default\" data-id=\"12019d9\" data-element_type=\"section\" data-e-type=\"section\">\n\t\t\t\t\t\t<div class=\"elementor-container elementor-column-gap-default\">\n\t\t\t\t\t<div class=\"elementor-column elementor-col-100 elementor-inner-column elementor-element elementor-element-ef501de\" data-id=\"ef501de\" data-element_type=\"column\" data-e-type=\"column\">\n\t\t\t<div class=\"elementor-widget-wrap elementor-element-populated\">\n\t\t\t\t\t\t<div class=\"elementor-element elementor-element-c5971a7 elementor-widget elementor-widget-text-editor\" data-id=\"c5971a7\" data-element_type=\"widget\" data-e-type=\"widget\" data-widget_type=\"text-editor.default\">\n\t\t\t\t<div class=\"elementor-widget-container\">\n\t\t\t\t\t\t\t\t\t<p>Utilitzem la retinografia per al diagn\u00f2stic, seguiment i control del tractament de la majoria de malalties retinianes: retinopatia diab\u00e8tica, edema macular diab\u00e8tic, retinopatia hipertensiva, degeneraci\u00f3 macular associada a l&#8217;edat, fins i tot glaucoma, retinosi pigment\u00e0ria i nevus coroidal, entre d&#8217;altres.<\/p><\/p>\n\t\t\t\t\t\t\t\t<\/div>\n\t\t\t\t<\/div>\n\t\t\t\t\t<\/div>\n\t\t<\/div>\n\t\t\t\t\t<\/div>\n\t\t<\/section>\n\t\t\t\t<div class=\"elementor-element elementor-element-290aa8a elementor-widget elementor-widget-heading\" data-id=\"290aa8a\" data-element_type=\"widget\" data-e-type=\"widget\" data-widget_type=\"heading.default\">\n\t\t\t\t<div class=\"elementor-widget-container\">\n\t\t\t\t\t<h2 class=\"elementor-heading-title elementor-size-medium\">Quan est\u00e0 indicada?<\/h2>\t\t\t\t<\/div>\n\t\t\t\t<\/div>\n\t\t\t\t<section class=\"elementor-section elementor-inner-section elementor-element elementor-element-da39fd9 elementor-section-boxed elementor-section-height-default elementor-section-height-default\" data-id=\"da39fd9\" data-element_type=\"section\" data-e-type=\"section\">\n\t\t\t\t\t\t<div class=\"elementor-container elementor-column-gap-default\">\n\t\t\t\t\t<div class=\"elementor-column elementor-col-100 elementor-inner-column elementor-element elementor-element-f7dfc5f\" data-id=\"f7dfc5f\" data-element_type=\"column\" data-e-type=\"column\">\n\t\t\t<div class=\"elementor-widget-wrap elementor-element-populated\">\n\t\t\t\t\t\t<div class=\"elementor-element elementor-element-4663466 elementor-widget elementor-widget-text-editor\" data-id=\"4663466\" data-element_type=\"widget\" data-e-type=\"widget\" data-widget_type=\"text-editor.default\">\n\t\t\t\t<div class=\"elementor-widget-container\">\n\t\t\t\t\t\t\t\t\t<p><span style=\"color: var( --e-global-color-text ); font-family: var( --e-global-typography-text-font-family ), Sans-serif; font-weight: var( --e-global-typography-text-font-weight ); font-size: var( --e-global-typography-ffd5103-font-size ); letter-spacing: var( --e-global-typography-ffd5103-letter-spacing ); word-spacing: var( --e-global-typography-ffd5103-word-spacing );\">La retinografia est\u00e0 indicada en cas d&#8217;alta miopia, diabetis o hipertensi\u00f3 arterial, condicions que influeixen a la salut ocular. Tamb\u00e9 si tens antecedents familiars de patologia oftalmol\u00f2gica, aconsellem un control exhaustiu. Per\u00f2, fins i tot quan no hi ha una patologia diagnosticada, cal fer revisions oculars completes que incloguin aquesta prova. Recomanem que siguin anuals a partir dels 40-45 anys quan s&#8217;activa el proc\u00e9s degeneratiu de l&#8217;ull i comen\u00e7a a apar\u00e8ixer la presb\u00edcia.<\/span><\/p>\n<\/p>\n<p>Depenent del diagn\u00f2stic, pot ser necess\u00e0ria la realitzaci\u00f3 daltres tipus de proves oftalmol\u00f2giques com la <a href=\"https:\/\/www.vision-clinic.es\/el-estudio-del-ojo-con-oct-la-prueba-de-diagnostico-no-invasiva-que-cada-vez-se-usa-mas\/\"><strong>Tomografia de Coher\u00e8ncia \u00d2ptica (OCT).<\/strong><\/a><\/p>\n\t\t\t\t\t\t\t\t<\/div>\n\t\t\t\t<\/div>\n\t\t\t\t\t<\/div>\n\t\t<\/div>\n\t\t\t\t\t<\/div>\n\t\t<\/section>\n\t\t\t\t\t<\/div>\n\t\t<\/div>\n\t\t\t\t\t<\/div>\n\t\t<\/section>\n\t\t\t\t<section class=\"elementor-section elementor-inner-section elementor-element elementor-element-76f683d elementor-section-content-middle elementor-section-boxed elementor-section-height-default elementor-section-height-default\" data-id=\"76f683d\" data-element_type=\"section\" data-e-type=\"section\">\n\t\t\t\t\t\t<div class=\"elementor-container elementor-column-gap-custom\">\n\t\t\t\t\t<div class=\"elementor-column elementor-col-50 elementor-inner-column elementor-element elementor-element-54d2cae\" data-id=\"54d2cae\" data-element_type=\"column\" data-e-type=\"column\">\n\t\t\t<div class=\"elementor-widget-wrap elementor-element-populated\">\n\t\t\t\t\t\t<div class=\"elementor-element elementor-element-6970d69 elementor-widget elementor-widget-image\" data-id=\"6970d69\" data-element_type=\"widget\" data-e-type=\"widget\" data-widget_type=\"image.default\">\n\t\t\t\t<div class=\"elementor-widget-container\">\n\t\t\t\t\t\t\t\t\t\t\t\t\t\t\t<img decoding=\"async\" width=\"200\" height=\"202\" src=\"https:\/\/www.vision-clinic.es\/wp-content\/uploads\/2022\/02\/Marta-Pazos-02-e1675166329605.png\" class=\"attachment-medium_large size-medium_large wp-image-9927\" alt=\"\" style=\"width:100%;height:101%;max-width:200px\" \/>\t\t\t\t\t\t\t\t\t\t\t\t\t\t\t<\/div>\n\t\t\t\t<\/div>\n\t\t\t\t<div class=\"elementor-element elementor-element-718df09 elementor-widget elementor-widget-text-editor\" data-id=\"718df09\" data-element_type=\"widget\" data-e-type=\"widget\" data-widget_type=\"text-editor.default\">\n\t\t\t\t<div class=\"elementor-widget-container\">\n\t\t\t\t\t\t\t\t\t<p style=\"text-align: center;\">Dra Marta Pazos<\/p>\n\t\t\t\t\t\t\t\t<\/div>\n\t\t\t\t<\/div>\n\t\t\t\t\t<\/div>\n\t\t<\/div>\n\t\t\t\t<div class=\"elementor-column elementor-col-50 elementor-inner-column elementor-element elementor-element-e7e173f\" data-id=\"e7e173f\" data-element_type=\"column\" data-e-type=\"column\">\n\t\t\t<div class=\"elementor-widget-wrap elementor-element-populated\">\n\t\t\t\t\t\t<div class=\"elementor-element elementor-element-7c4357d elementor-widget elementor-widget-heading\" data-id=\"7c4357d\" data-element_type=\"widget\" data-e-type=\"widget\" data-widget_type=\"heading.default\">\n\t\t\t\t<div class=\"elementor-widget-container\">\n\t\t\t\t\t<h4 class=\"elementor-heading-title elementor-size-medium\">\"A partir dels 40 anys, recomanem fer una retinografia anual: gr\u00e0cies a elles podem detectar preco\u00e7ment malalties asimptom\u00e0tiques en etapes inicials, de manera que el tractament \u00e9s m\u00e9s efectiu i, fins i tot, es poden revertir les p\u00e8rdues de visi\u00f3\"<\/h4>\t\t\t\t<\/div>\n\t\t\t\t<\/div>\n\t\t\t\t\t<\/div>\n\t\t<\/div>\n\t\t\t\t\t<\/div>\n\t\t<\/section>\n\t\t\t\t<section class=\"elementor-section elementor-top-section elementor-element elementor-element-f3ac5c8 elementor-section-boxed elementor-section-height-default elementor-section-height-default\" data-id=\"f3ac5c8\" data-element_type=\"section\" data-e-type=\"section\">\n\t\t\t\t\t\t<div class=\"elementor-container elementor-column-gap-default\">\n\t\t\t\t\t<div class=\"elementor-column elementor-col-100 elementor-top-column elementor-element elementor-element-9020444\" data-id=\"9020444\" data-element_type=\"column\" data-e-type=\"column\">\n\t\t\t<div class=\"elementor-widget-wrap elementor-element-populated\">\n\t\t\t\t\t\t<div class=\"elementor-element elementor-element-d4b4168 elementor-widget-divider--view-line elementor-widget elementor-widget-divider\" data-id=\"d4b4168\" data-element_type=\"widget\" data-e-type=\"widget\" data-widget_type=\"divider.default\">\n\t\t\t\t<div class=\"elementor-widget-container\">\n\t\t\t\t\t\t\t<div class=\"elementor-divider\">\n\t\t\t<span class=\"elementor-divider-separator\">\n\t\t\t\t\t\t<\/span>\n\t\t<\/div>\n\t\t\t\t\t\t<\/div>\n\t\t\t\t<\/div>\n\t\t\t\t\t<\/div>\n\t\t<\/div>\n\t\t\t\t\t<\/div>\n\t\t<\/section>\n\t\t\t\t<\/div>\n\t\t","protected":false},"excerpt":{"rendered":"<p>La retinografia \u00e9s una de les proves b\u00e0siques de la consulta d&#8217;oftalmologia: una fotografia de la retina o el fons d&#8217;ull que forma part de l&#8217;examen oftalmol\u00f2gic que qualsevol s&#8217;hauria de fer peri\u00f2dicament, especialment a partir dels 40 anys, per prevenir qualsevol malaltia visual. \u00c9s molt senzilla i permet detectar alteracions molt precoces. Ens ho explica l&#8217;optometrista de visi\u00f5nclinic+ Emma Pons.<\/p>\n","protected":false},"author":3,"featured_media":10952,"comment_status":"open","ping_status":"open","sticky":false,"template":"","format":"standard","meta":{"_acf_changed":false,"footnotes":""},"categories":[144,141],"tags":[142,143,145],"autores":[140],"tipo_de_blog":[46],"class_list":["post-10961","post","type-post","status-publish","format-standard","has-post-thumbnail","hentry","category-proves-diagnostiques","category-retina-ca","tag-diagnostic","tag-prova","tag-retinografia-ca","autores-emma-pons","tipo_de_blog-visionblog","entry"],"acf":[],"yoast_head":"<!-- This site is optimized with the Yoast SEO plugin v27.4 - https:\/\/yoast.com\/product\/yoast-seo-wordpress\/ -->\n<title>Retinografia: per a qu\u00e8 serveix la fotografia de la retina o fons d&#039;ull? - visi\u00f5ncl\u00ednic<\/title>\n<meta name=\"description\" content=\"La retinografia \u00e9s una fotografia de la retina o fons d&#039;ull que forma part de l&#039;examen oftalmol\u00f2gic que ens haur\u00edem de fer a partir dels 40.\" \/>\n<meta name=\"robots\" content=\"index, follow, max-snippet:-1, max-image-preview:large, max-video-preview:-1\" \/>\n<link rel=\"canonical\" href=\"https:\/\/www.vision-clinic.es\/ca\/retinografia-per-a-que-serveix-la-fotografia-de-la-retina-o-fons-dull\/\" \/>\n<meta property=\"og:locale\" content=\"ca_ES\" \/>\n<meta property=\"og:type\" content=\"article\" \/>\n<meta property=\"og:title\" content=\"Retinografia: per a qu\u00e8 serveix la fotografia de la retina o fons d&#039;ull? - visi\u00f5ncl\u00ednic\" \/>\n<meta property=\"og:description\" content=\"La retinografia \u00e9s una fotografia de la retina o fons d&#039;ull que forma part de l&#039;examen oftalmol\u00f2gic que ens haur\u00edem de fer a partir dels 40.\" \/>\n<meta property=\"og:url\" content=\"https:\/\/www.vision-clinic.es\/ca\/retinografia-per-a-que-serveix-la-fotografia-de-la-retina-o-fons-dull\/\" \/>\n<meta property=\"og:site_name\" content=\"visi\u00f5ncl\u00ednic\" \/>\n<meta property=\"article:published_time\" content=\"2023-08-28T17:15:49+00:00\" \/>\n<meta property=\"article:modified_time\" content=\"2023-09-19T15:54:27+00:00\" \/>\n<meta property=\"og:image\" content=\"https:\/\/www.vision-clinic.es\/wp-content\/uploads\/2023\/08\/IMG_2265-e1693242003875.jpg\" \/>\n\t<meta property=\"og:image:width\" content=\"1108\" \/>\n\t<meta property=\"og:image:height\" content=\"1478\" \/>\n\t<meta property=\"og:image:type\" content=\"image\/jpeg\" \/>\n<meta name=\"author\" content=\"lai.amoros\" \/>\n<meta name=\"twitter:card\" content=\"summary_large_image\" \/>\n<meta name=\"twitter:label1\" content=\"Escrit per\" \/>\n\t<meta name=\"twitter:data1\" content=\"lai.amoros\" \/>\n\t<meta name=\"twitter:label2\" content=\"Temps estimat de lectura\" \/>\n\t<meta name=\"twitter:data2\" content=\"3 minuts\" \/>\n<script type=\"application\/ld+json\" class=\"yoast-schema-graph\">{\"@context\":\"https:\\\/\\\/schema.org\",\"@graph\":[{\"@type\":\"Article\",\"@id\":\"https:\\\/\\\/www.vision-clinic.es\\\/ca\\\/retinografia-per-a-que-serveix-la-fotografia-de-la-retina-o-fons-dull\\\/#article\",\"isPartOf\":{\"@id\":\"https:\\\/\\\/www.vision-clinic.es\\\/ca\\\/retinografia-per-a-que-serveix-la-fotografia-de-la-retina-o-fons-dull\\\/\"},\"author\":{\"name\":\"lai.amoros\",\"@id\":\"https:\\\/\\\/www.vision-clinic.es\\\/#\\\/schema\\\/person\\\/2eb955a187e138d5f5c87cca23469c77\"},\"headline\":\"Retinografia: per a qu\u00e8 serveix la fotografia de la retina o fons d&#8217;ull?\",\"datePublished\":\"2023-08-28T17:15:49+00:00\",\"dateModified\":\"2023-09-19T15:54:27+00:00\",\"mainEntityOfPage\":{\"@id\":\"https:\\\/\\\/www.vision-clinic.es\\\/ca\\\/retinografia-per-a-que-serveix-la-fotografia-de-la-retina-o-fons-dull\\\/\"},\"wordCount\":508,\"commentCount\":0,\"publisher\":{\"@id\":\"https:\\\/\\\/www.vision-clinic.es\\\/#organization\"},\"image\":{\"@id\":\"https:\\\/\\\/www.vision-clinic.es\\\/ca\\\/retinografia-per-a-que-serveix-la-fotografia-de-la-retina-o-fons-dull\\\/#primaryimage\"},\"thumbnailUrl\":\"https:\\\/\\\/www.vision-clinic.es\\\/wp-content\\\/uploads\\\/2023\\\/08\\\/IMG_2265-e1693242003875.jpg\",\"keywords\":[\"diagn\u00f2stic\",\"prova\",\"retinografia\"],\"articleSection\":[\"Proves diagn\u00f2stiques\",\"Retina\"],\"inLanguage\":\"ca\",\"potentialAction\":[{\"@type\":\"CommentAction\",\"name\":\"Comment\",\"target\":[\"https:\\\/\\\/www.vision-clinic.es\\\/ca\\\/retinografia-per-a-que-serveix-la-fotografia-de-la-retina-o-fons-dull\\\/#respond\"]}]},{\"@type\":\"WebPage\",\"@id\":\"https:\\\/\\\/www.vision-clinic.es\\\/ca\\\/retinografia-per-a-que-serveix-la-fotografia-de-la-retina-o-fons-dull\\\/\",\"url\":\"https:\\\/\\\/www.vision-clinic.es\\\/ca\\\/retinografia-per-a-que-serveix-la-fotografia-de-la-retina-o-fons-dull\\\/\",\"name\":\"Retinografia: per a qu\u00e8 serveix la fotografia de la retina o fons d'ull? - visi\u00f5ncl\u00ednic\",\"isPartOf\":{\"@id\":\"https:\\\/\\\/www.vision-clinic.es\\\/#website\"},\"primaryImageOfPage\":{\"@id\":\"https:\\\/\\\/www.vision-clinic.es\\\/ca\\\/retinografia-per-a-que-serveix-la-fotografia-de-la-retina-o-fons-dull\\\/#primaryimage\"},\"image\":{\"@id\":\"https:\\\/\\\/www.vision-clinic.es\\\/ca\\\/retinografia-per-a-que-serveix-la-fotografia-de-la-retina-o-fons-dull\\\/#primaryimage\"},\"thumbnailUrl\":\"https:\\\/\\\/www.vision-clinic.es\\\/wp-content\\\/uploads\\\/2023\\\/08\\\/IMG_2265-e1693242003875.jpg\",\"datePublished\":\"2023-08-28T17:15:49+00:00\",\"dateModified\":\"2023-09-19T15:54:27+00:00\",\"description\":\"La retinografia \u00e9s una fotografia de la retina o fons d'ull que forma part de l'examen oftalmol\u00f2gic que ens haur\u00edem de fer a partir dels 40.\",\"breadcrumb\":{\"@id\":\"https:\\\/\\\/www.vision-clinic.es\\\/ca\\\/retinografia-per-a-que-serveix-la-fotografia-de-la-retina-o-fons-dull\\\/#breadcrumb\"},\"inLanguage\":\"ca\",\"potentialAction\":[{\"@type\":\"ReadAction\",\"target\":[\"https:\\\/\\\/www.vision-clinic.es\\\/ca\\\/retinografia-per-a-que-serveix-la-fotografia-de-la-retina-o-fons-dull\\\/\"]}]},{\"@type\":\"ImageObject\",\"inLanguage\":\"ca\",\"@id\":\"https:\\\/\\\/www.vision-clinic.es\\\/ca\\\/retinografia-per-a-que-serveix-la-fotografia-de-la-retina-o-fons-dull\\\/#primaryimage\",\"url\":\"https:\\\/\\\/www.vision-clinic.es\\\/wp-content\\\/uploads\\\/2023\\\/08\\\/IMG_2265-e1693242003875.jpg\",\"contentUrl\":\"https:\\\/\\\/www.vision-clinic.es\\\/wp-content\\\/uploads\\\/2023\\\/08\\\/IMG_2265-e1693242003875.jpg\",\"width\":1108,\"height\":1478},{\"@type\":\"BreadcrumbList\",\"@id\":\"https:\\\/\\\/www.vision-clinic.es\\\/ca\\\/retinografia-per-a-que-serveix-la-fotografia-de-la-retina-o-fons-dull\\\/#breadcrumb\",\"itemListElement\":[{\"@type\":\"ListItem\",\"position\":1,\"name\":\"Portada\",\"item\":\"https:\\\/\\\/www.vision-clinic.es\\\/\"},{\"@type\":\"ListItem\",\"position\":2,\"name\":\"Retinografia: per a qu\u00e8 serveix la fotografia de la retina o fons d&#8217;ull?\"}]},{\"@type\":\"WebSite\",\"@id\":\"https:\\\/\\\/www.vision-clinic.es\\\/#website\",\"url\":\"https:\\\/\\\/www.vision-clinic.es\\\/\",\"name\":\"visi\u00f5ncl\u00ednic\",\"description\":\"Cl\u00ednica oftalmol\u00f3gica de barnacl\u00ednic+ y Cl\u00ednicas Mi |\u00a0El val\u00f5r de ver bi\u00e9n\",\"publisher\":{\"@id\":\"https:\\\/\\\/www.vision-clinic.es\\\/#organization\"},\"potentialAction\":[{\"@type\":\"SearchAction\",\"target\":{\"@type\":\"EntryPoint\",\"urlTemplate\":\"https:\\\/\\\/www.vision-clinic.es\\\/?s={search_term_string}\"},\"query-input\":{\"@type\":\"PropertyValueSpecification\",\"valueRequired\":true,\"valueName\":\"search_term_string\"}}],\"inLanguage\":\"ca\"},{\"@type\":\"Organization\",\"@id\":\"https:\\\/\\\/www.vision-clinic.es\\\/#organization\",\"name\":\"visi\u00f5ncl\u00ednic\",\"url\":\"https:\\\/\\\/www.vision-clinic.es\\\/\",\"logo\":{\"@type\":\"ImageObject\",\"inLanguage\":\"ca\",\"@id\":\"https:\\\/\\\/www.vision-clinic.es\\\/#\\\/schema\\\/logo\\\/image\\\/\",\"url\":\"https:\\\/\\\/www.vision-clinic.es\\\/wp-content\\\/uploads\\\/2021\\\/10\\\/logo-web-visionclinic-cob.png\",\"contentUrl\":\"https:\\\/\\\/www.vision-clinic.es\\\/wp-content\\\/uploads\\\/2021\\\/10\\\/logo-web-visionclinic-cob.png\",\"width\":395,\"height\":100,\"caption\":\"visi\u00f5ncl\u00ednic\"},\"image\":{\"@id\":\"https:\\\/\\\/www.vision-clinic.es\\\/#\\\/schema\\\/logo\\\/image\\\/\"}},{\"@type\":\"Person\",\"@id\":\"https:\\\/\\\/www.vision-clinic.es\\\/#\\\/schema\\\/person\\\/2eb955a187e138d5f5c87cca23469c77\",\"name\":\"lai.amoros\",\"sameAs\":[\"http:\\\/\\\/antaviana\"],\"url\":\"https:\\\/\\\/www.vision-clinic.es\\\/ca\\\/author\\\/lai-amoros\\\/\"}]}<\/script>\n<!-- \/ Yoast SEO plugin. -->","yoast_head_json":{"title":"Retinografia: per a qu\u00e8 serveix la fotografia de la retina o fons d'ull? - visi\u00f5ncl\u00ednic","description":"La retinografia \u00e9s una fotografia de la retina o fons d'ull que forma part de l'examen oftalmol\u00f2gic que ens haur\u00edem de fer a partir dels 40.","robots":{"index":"index","follow":"follow","max-snippet":"max-snippet:-1","max-image-preview":"max-image-preview:large","max-video-preview":"max-video-preview:-1"},"canonical":"https:\/\/www.vision-clinic.es\/ca\/retinografia-per-a-que-serveix-la-fotografia-de-la-retina-o-fons-dull\/","og_locale":"ca_ES","og_type":"article","og_title":"Retinografia: per a qu\u00e8 serveix la fotografia de la retina o fons d'ull? - visi\u00f5ncl\u00ednic","og_description":"La retinografia \u00e9s una fotografia de la retina o fons d'ull que forma part de l'examen oftalmol\u00f2gic que ens haur\u00edem de fer a partir dels 40.","og_url":"https:\/\/www.vision-clinic.es\/ca\/retinografia-per-a-que-serveix-la-fotografia-de-la-retina-o-fons-dull\/","og_site_name":"visi\u00f5ncl\u00ednic","article_published_time":"2023-08-28T17:15:49+00:00","article_modified_time":"2023-09-19T15:54:27+00:00","og_image":[{"width":1108,"height":1478,"url":"https:\/\/www.vision-clinic.es\/wp-content\/uploads\/2023\/08\/IMG_2265-e1693242003875.jpg","type":"image\/jpeg"}],"author":"lai.amoros","twitter_card":"summary_large_image","twitter_misc":{"Escrit per":"lai.amoros","Temps estimat de lectura":"3 minuts"},"schema":{"@context":"https:\/\/schema.org","@graph":[{"@type":"Article","@id":"https:\/\/www.vision-clinic.es\/ca\/retinografia-per-a-que-serveix-la-fotografia-de-la-retina-o-fons-dull\/#article","isPartOf":{"@id":"https:\/\/www.vision-clinic.es\/ca\/retinografia-per-a-que-serveix-la-fotografia-de-la-retina-o-fons-dull\/"},"author":{"name":"lai.amoros","@id":"https:\/\/www.vision-clinic.es\/#\/schema\/person\/2eb955a187e138d5f5c87cca23469c77"},"headline":"Retinografia: per a qu\u00e8 serveix la fotografia de la retina o fons d&#8217;ull?","datePublished":"2023-08-28T17:15:49+00:00","dateModified":"2023-09-19T15:54:27+00:00","mainEntityOfPage":{"@id":"https:\/\/www.vision-clinic.es\/ca\/retinografia-per-a-que-serveix-la-fotografia-de-la-retina-o-fons-dull\/"},"wordCount":508,"commentCount":0,"publisher":{"@id":"https:\/\/www.vision-clinic.es\/#organization"},"image":{"@id":"https:\/\/www.vision-clinic.es\/ca\/retinografia-per-a-que-serveix-la-fotografia-de-la-retina-o-fons-dull\/#primaryimage"},"thumbnailUrl":"https:\/\/www.vision-clinic.es\/wp-content\/uploads\/2023\/08\/IMG_2265-e1693242003875.jpg","keywords":["diagn\u00f2stic","prova","retinografia"],"articleSection":["Proves diagn\u00f2stiques","Retina"],"inLanguage":"ca","potentialAction":[{"@type":"CommentAction","name":"Comment","target":["https:\/\/www.vision-clinic.es\/ca\/retinografia-per-a-que-serveix-la-fotografia-de-la-retina-o-fons-dull\/#respond"]}]},{"@type":"WebPage","@id":"https:\/\/www.vision-clinic.es\/ca\/retinografia-per-a-que-serveix-la-fotografia-de-la-retina-o-fons-dull\/","url":"https:\/\/www.vision-clinic.es\/ca\/retinografia-per-a-que-serveix-la-fotografia-de-la-retina-o-fons-dull\/","name":"Retinografia: per a qu\u00e8 serveix la fotografia de la retina o fons d'ull? - visi\u00f5ncl\u00ednic","isPartOf":{"@id":"https:\/\/www.vision-clinic.es\/#website"},"primaryImageOfPage":{"@id":"https:\/\/www.vision-clinic.es\/ca\/retinografia-per-a-que-serveix-la-fotografia-de-la-retina-o-fons-dull\/#primaryimage"},"image":{"@id":"https:\/\/www.vision-clinic.es\/ca\/retinografia-per-a-que-serveix-la-fotografia-de-la-retina-o-fons-dull\/#primaryimage"},"thumbnailUrl":"https:\/\/www.vision-clinic.es\/wp-content\/uploads\/2023\/08\/IMG_2265-e1693242003875.jpg","datePublished":"2023-08-28T17:15:49+00:00","dateModified":"2023-09-19T15:54:27+00:00","description":"La retinografia \u00e9s una fotografia de la retina o fons d'ull que forma part de l'examen oftalmol\u00f2gic que ens haur\u00edem de fer a partir dels 40.","breadcrumb":{"@id":"https:\/\/www.vision-clinic.es\/ca\/retinografia-per-a-que-serveix-la-fotografia-de-la-retina-o-fons-dull\/#breadcrumb"},"inLanguage":"ca","potentialAction":[{"@type":"ReadAction","target":["https:\/\/www.vision-clinic.es\/ca\/retinografia-per-a-que-serveix-la-fotografia-de-la-retina-o-fons-dull\/"]}]},{"@type":"ImageObject","inLanguage":"ca","@id":"https:\/\/www.vision-clinic.es\/ca\/retinografia-per-a-que-serveix-la-fotografia-de-la-retina-o-fons-dull\/#primaryimage","url":"https:\/\/www.vision-clinic.es\/wp-content\/uploads\/2023\/08\/IMG_2265-e1693242003875.jpg","contentUrl":"https:\/\/www.vision-clinic.es\/wp-content\/uploads\/2023\/08\/IMG_2265-e1693242003875.jpg","width":1108,"height":1478},{"@type":"BreadcrumbList","@id":"https:\/\/www.vision-clinic.es\/ca\/retinografia-per-a-que-serveix-la-fotografia-de-la-retina-o-fons-dull\/#breadcrumb","itemListElement":[{"@type":"ListItem","position":1,"name":"Portada","item":"https:\/\/www.vision-clinic.es\/"},{"@type":"ListItem","position":2,"name":"Retinografia: per a qu\u00e8 serveix la fotografia de la retina o fons d&#8217;ull?"}]},{"@type":"WebSite","@id":"https:\/\/www.vision-clinic.es\/#website","url":"https:\/\/www.vision-clinic.es\/","name":"visi\u00f5ncl\u00ednic","description":"Cl\u00ednica oftalmol\u00f3gica de barnacl\u00ednic+ y Cl\u00ednicas Mi |\u00a0El val\u00f5r de ver bi\u00e9n","publisher":{"@id":"https:\/\/www.vision-clinic.es\/#organization"},"potentialAction":[{"@type":"SearchAction","target":{"@type":"EntryPoint","urlTemplate":"https:\/\/www.vision-clinic.es\/?s={search_term_string}"},"query-input":{"@type":"PropertyValueSpecification","valueRequired":true,"valueName":"search_term_string"}}],"inLanguage":"ca"},{"@type":"Organization","@id":"https:\/\/www.vision-clinic.es\/#organization","name":"visi\u00f5ncl\u00ednic","url":"https:\/\/www.vision-clinic.es\/","logo":{"@type":"ImageObject","inLanguage":"ca","@id":"https:\/\/www.vision-clinic.es\/#\/schema\/logo\/image\/","url":"https:\/\/www.vision-clinic.es\/wp-content\/uploads\/2021\/10\/logo-web-visionclinic-cob.png","contentUrl":"https:\/\/www.vision-clinic.es\/wp-content\/uploads\/2021\/10\/logo-web-visionclinic-cob.png","width":395,"height":100,"caption":"visi\u00f5ncl\u00ednic"},"image":{"@id":"https:\/\/www.vision-clinic.es\/#\/schema\/logo\/image\/"}},{"@type":"Person","@id":"https:\/\/www.vision-clinic.es\/#\/schema\/person\/2eb955a187e138d5f5c87cca23469c77","name":"lai.amoros","sameAs":["http:\/\/antaviana"],"url":"https:\/\/www.vision-clinic.es\/ca\/author\/lai-amoros\/"}]}},"_links":{"self":[{"href":"https:\/\/www.vision-clinic.es\/ca\/wp-json\/wp\/v2\/posts\/10961","targetHints":{"allow":["GET"]}}],"collection":[{"href":"https:\/\/www.vision-clinic.es\/ca\/wp-json\/wp\/v2\/posts"}],"about":[{"href":"https:\/\/www.vision-clinic.es\/ca\/wp-json\/wp\/v2\/types\/post"}],"author":[{"embeddable":true,"href":"https:\/\/www.vision-clinic.es\/ca\/wp-json\/wp\/v2\/users\/3"}],"replies":[{"embeddable":true,"href":"https:\/\/www.vision-clinic.es\/ca\/wp-json\/wp\/v2\/comments?post=10961"}],"version-history":[{"count":10,"href":"https:\/\/www.vision-clinic.es\/ca\/wp-json\/wp\/v2\/posts\/10961\/revisions"}],"predecessor-version":[{"id":11146,"href":"https:\/\/www.vision-clinic.es\/ca\/wp-json\/wp\/v2\/posts\/10961\/revisions\/11146"}],"wp:featuredmedia":[{"embeddable":true,"href":"https:\/\/www.vision-clinic.es\/ca\/wp-json\/wp\/v2\/media\/10952"}],"wp:attachment":[{"href":"https:\/\/www.vision-clinic.es\/ca\/wp-json\/wp\/v2\/media?parent=10961"}],"wp:term":[{"taxonomy":"category","embeddable":true,"href":"https:\/\/www.vision-clinic.es\/ca\/wp-json\/wp\/v2\/categories?post=10961"},{"taxonomy":"post_tag","embeddable":true,"href":"https:\/\/www.vision-clinic.es\/ca\/wp-json\/wp\/v2\/tags?post=10961"},{"taxonomy":"autores","embeddable":true,"href":"https:\/\/www.vision-clinic.es\/ca\/wp-json\/wp\/v2\/autores?post=10961"},{"taxonomy":"tipo_de_blog","embeddable":true,"href":"https:\/\/www.vision-clinic.es\/ca\/wp-json\/wp\/v2\/tipo_de_blog?post=10961"}],"curies":[{"name":"wp","href":"https:\/\/api.w.org\/{rel}","templated":true}]}}