{"id":11128,"date":"2024-03-27T09:18:27","date_gmt":"2024-03-27T09:18:27","guid":{"rendered":"https:\/\/www.vision-clinic.es\/cirurgia-de-cataractes-faqs\/"},"modified":"2024-04-16T12:53:36","modified_gmt":"2024-04-16T12:53:36","slug":"cirurgia-de-cataractes-faqs","status":"publish","type":"post","link":"https:\/\/www.vision-clinic.es\/ca\/cirurgia-de-cataractes-faqs\/","title":{"rendered":"Cirurgia de cataractes: FAQS"},"content":{"rendered":"\t\t<div data-elementor-type=\"wp-post\" data-elementor-id=\"11128\" class=\"elementor elementor-11128 elementor-3868\" data-elementor-post-type=\"post\">\n\t\t\t\t\t\t<section class=\"elementor-section elementor-top-section elementor-element elementor-element-94a104f elementor-section-boxed elementor-section-height-default elementor-section-height-default\" data-id=\"94a104f\" data-element_type=\"section\" data-e-type=\"section\">\n\t\t\t\t\t\t<div class=\"elementor-container elementor-column-gap-default\">\n\t\t\t\t\t<div class=\"elementor-column elementor-col-100 elementor-top-column elementor-element elementor-element-124540d\" data-id=\"124540d\" data-element_type=\"column\" data-e-type=\"column\">\n\t\t\t<div class=\"elementor-widget-wrap elementor-element-populated\">\n\t\t\t\t\t\t<div class=\"elementor-element elementor-element-fe2bd6c elementor-widget elementor-widget-heading\" data-id=\"fe2bd6c\" data-element_type=\"widget\" data-e-type=\"widget\" data-widget_type=\"heading.default\">\n\t\t\t\t<div class=\"elementor-widget-container\">\n\t\t\t\t\t<h2 class=\"elementor-heading-title elementor-size-medium\">Com puc prevenir les cataractes? Es poden operar tots dos ulls alhora? \u00c9s necessari l'ingr\u00e9s en aquest tipus d'intervencions? Poden aprofitar per corregir-me la vista cansada? El nostre oftalm\u00f2leg especialista en cataractes, Xavier Corretger, ens en dona les respostes. <\/h2>\t\t\t\t<\/div>\n\t\t\t\t<\/div>\n\t\t\t\t\t<\/div>\n\t\t<\/div>\n\t\t\t\t\t<\/div>\n\t\t<\/section>\n\t\t\t\t<section class=\"elementor-section elementor-top-section elementor-element elementor-element-eaadf95 elementor-section-boxed elementor-section-height-default elementor-section-height-default\" data-id=\"eaadf95\" data-element_type=\"section\" data-e-type=\"section\">\n\t\t\t\t\t\t<div class=\"elementor-container elementor-column-gap-default\">\n\t\t\t\t\t<div class=\"elementor-column elementor-col-100 elementor-top-column elementor-element elementor-element-4f9720e\" data-id=\"4f9720e\" data-element_type=\"column\" data-e-type=\"column\">\n\t\t\t<div class=\"elementor-widget-wrap elementor-element-populated\">\n\t\t\t\t\t\t<div class=\"elementor-element elementor-element-7afe9db elementor-widget elementor-widget-heading\" data-id=\"7afe9db\" data-element_type=\"widget\" data-e-type=\"widget\" data-widget_type=\"heading.default\">\n\t\t\t\t<div class=\"elementor-widget-container\">\n\t\t\t\t\t<h2 class=\"elementor-heading-title elementor-size-medium\">Com puc prevenir les cataractes?<\/h2>\t\t\t\t<\/div>\n\t\t\t\t<\/div>\n\t\t\t\t<div class=\"elementor-element elementor-element-d112efc elementor-widget elementor-widget-text-editor\" data-id=\"d112efc\" data-element_type=\"widget\" data-e-type=\"widget\" data-widget_type=\"text-editor.default\">\n\t\t\t\t<div class=\"elementor-widget-container\">\n\t\t\t\t\t\t\t\t\t<p>Tot i que les <strong>cataractes<\/strong> s\u00f3n un proc\u00e9s normal de l&#8217;envelliment i no es poden evitar totalment, hi ha mesures que poden endarrerir-ne l&#8217;aparici\u00f3. L&#8217;\u00fas d&#8217;ulleres de sol per disminuir l&#8217;exposici\u00f3 als raigs ultraviolats pot controlar malalties que predisposen a l&#8217;aparici\u00f3 de <strong>cataractes<\/strong> com ara la <strong>diabetis<\/strong>.<\/p>\n\t\t\t\t\t\t\t\t<\/div>\n\t\t\t\t<\/div>\n\t\t\t\t<section class=\"elementor-section elementor-inner-section elementor-element elementor-element-771449b elementor-section-content-middle elementor-section-boxed elementor-section-height-default elementor-section-height-default\" data-id=\"771449b\" data-element_type=\"section\" data-e-type=\"section\">\n\t\t\t\t\t\t<div class=\"elementor-container elementor-column-gap-custom\">\n\t\t\t\t\t<div class=\"elementor-column elementor-col-100 elementor-inner-column elementor-element elementor-element-6673818\" data-id=\"6673818\" data-element_type=\"column\" data-e-type=\"column\">\n\t\t\t<div class=\"elementor-widget-wrap elementor-element-populated\">\n\t\t\t\t\t\t<div class=\"elementor-element elementor-element-5dcc8e9 elementor-widget elementor-widget-heading\" data-id=\"5dcc8e9\" data-element_type=\"widget\" data-e-type=\"widget\" data-widget_type=\"heading.default\">\n\t\t\t\t<div class=\"elementor-widget-container\">\n\t\t\t\t\t<h4 class=\"elementor-heading-title elementor-size-medium\">\u00abEncara que les cataractes s\u00f3n un proc\u00e9s normal de l'envelliment i no es poden evitar totalment, hi ha mesures que poden endarrerir-ne l'aparici\u00f3\u00bb<\/h4>\t\t\t\t<\/div>\n\t\t\t\t<\/div>\n\t\t\t\t\t<\/div>\n\t\t<\/div>\n\t\t\t\t\t<\/div>\n\t\t<\/section>\n\t\t\t\t\t<\/div>\n\t\t<\/div>\n\t\t\t\t\t<\/div>\n\t\t<\/section>\n\t\t\t\t<section class=\"elementor-section elementor-top-section elementor-element elementor-element-5806dff elementor-section-boxed elementor-section-height-default elementor-section-height-default\" data-id=\"5806dff\" data-element_type=\"section\" data-e-type=\"section\">\n\t\t\t\t\t\t<div class=\"elementor-container elementor-column-gap-default\">\n\t\t\t\t\t<div class=\"elementor-column elementor-col-100 elementor-top-column elementor-element elementor-element-e1855d0\" data-id=\"e1855d0\" data-element_type=\"column\" data-e-type=\"column\">\n\t\t\t<div class=\"elementor-widget-wrap elementor-element-populated\">\n\t\t\t\t\t\t<div class=\"elementor-element elementor-element-9c04664 elementor-widget elementor-widget-text-editor\" data-id=\"9c04664\" data-element_type=\"widget\" data-e-type=\"widget\" data-widget_type=\"text-editor.default\">\n\t\t\t\t<div class=\"elementor-widget-container\">\n\t\t\t\t\t\t\t\t\t<p><strong>M&#8217;han dit que tinc cataractes, m&#8217;he d&#8217;operar quan abans millor?<\/strong><\/p>\n<p>La <strong>cirurgia de cataractes<\/strong> no sol ser urgent, per la qual cosa podr\u00e0s decidir operar-te quan ho consideris necessari, valorant els efectes de la <strong>cataracta<\/strong> a la vida di\u00e0ria i les recomanacions de l&#8217;<a href=\"https:\/\/www.barnaclinic.com\/es\/cuadro-medico\/390\/xavier-corretger-ruhi\" target=\"_blank\" rel=\"noopener noreferrer\"><strong>oftalm\u00f2leg<\/strong><\/a>. Tot i aix\u00f2, cal tenir en compte que les <strong>cataractes<\/strong> continuaran desenvolupant-se de forma progressiva i que una demora excessiva de la cirurgia pot resultar en complicacions i incrementar el risc quir\u00fargic.<strong> <\/strong><\/p>\n\t\t\t\t\t\t\t\t<\/div>\n\t\t\t\t<\/div>\n\t\t\t\t<section class=\"elementor-section elementor-inner-section elementor-element elementor-element-84e503f elementor-section-content-middle elementor-section-boxed elementor-section-height-default elementor-section-height-default\" data-id=\"84e503f\" data-element_type=\"section\" data-e-type=\"section\">\n\t\t\t\t\t\t<div class=\"elementor-container elementor-column-gap-custom\">\n\t\t\t\t\t<div class=\"elementor-column elementor-col-100 elementor-inner-column elementor-element elementor-element-d0650d9\" data-id=\"d0650d9\" data-element_type=\"column\" data-e-type=\"column\">\n\t\t\t<div class=\"elementor-widget-wrap elementor-element-populated\">\n\t\t\t\t\t\t<div class=\"elementor-element elementor-element-6c88e27 elementor-widget elementor-widget-heading\" data-id=\"6c88e27\" data-element_type=\"widget\" data-e-type=\"widget\" data-widget_type=\"heading.default\">\n\t\t\t\t<div class=\"elementor-widget-container\">\n\t\t\t\t\t<h4 class=\"elementor-heading-title elementor-size-medium\">\u00abLes cataractes continuaran desenvolupant-se de manera progressiva: una demora excessiva de la cirurgia pot comportar complicacions i incrementar el risc quir\u00fargic\u00bb<\/h4>\t\t\t\t<\/div>\n\t\t\t\t<\/div>\n\t\t\t\t\t<\/div>\n\t\t<\/div>\n\t\t\t\t\t<\/div>\n\t\t<\/section>\n\t\t\t\t\t<\/div>\n\t\t<\/div>\n\t\t\t\t\t<\/div>\n\t\t<\/section>\n\t\t\t\t<section class=\"elementor-section elementor-top-section elementor-element elementor-element-f21dd47 elementor-section-boxed elementor-section-height-default elementor-section-height-default\" data-id=\"f21dd47\" data-element_type=\"section\" data-e-type=\"section\">\n\t\t\t\t\t\t<div class=\"elementor-container elementor-column-gap-default\">\n\t\t\t\t\t<div class=\"elementor-column elementor-col-100 elementor-top-column elementor-element elementor-element-7e36c0f\" data-id=\"7e36c0f\" data-element_type=\"column\" data-e-type=\"column\">\n\t\t\t<div class=\"elementor-widget-wrap elementor-element-populated\">\n\t\t\t\t\t\t<div class=\"elementor-element elementor-element-657bbae elementor-widget elementor-widget-text-editor\" data-id=\"657bbae\" data-element_type=\"widget\" data-e-type=\"widget\" data-widget_type=\"text-editor.default\">\n\t\t\t\t<div class=\"elementor-widget-container\">\n\t\t\t\t\t\t\t\t\t<p><strong>Es poden operar els dos ulls alhora?<\/strong><\/p>\n<\/p>\n<p>Tot i que la possibilitat de complicacions a la <strong>cirurgia de cataractes<\/strong> \u00e9s m\u00ednima, en tractar-se d&#8217;una <strong>cirurgia intraocular<\/strong>, <strong>no recomanem intervenir tots dos ulls en una mateixa sessi\u00f3 quir\u00fargica<\/strong>. Generalment, primer s&#8217;opera un ull i entre tres i set dies despr\u00e9s, l&#8217;altre.<\/p>\n\t\t\t\t\t\t\t\t<\/div>\n\t\t\t\t<\/div>\n\t\t\t\t<section class=\"elementor-section elementor-inner-section elementor-element elementor-element-6ede7d2 elementor-section-content-middle elementor-section-boxed elementor-section-height-default elementor-section-height-default\" data-id=\"6ede7d2\" data-element_type=\"section\" data-e-type=\"section\">\n\t\t\t\t\t\t<div class=\"elementor-container elementor-column-gap-custom\">\n\t\t\t\t\t<div class=\"elementor-column elementor-col-100 elementor-inner-column elementor-element elementor-element-74524f8\" data-id=\"74524f8\" data-element_type=\"column\" data-e-type=\"column\">\n\t\t\t<div class=\"elementor-widget-wrap elementor-element-populated\">\n\t\t\t\t\t\t<div class=\"elementor-element elementor-element-7c87cd7 elementor-widget elementor-widget-heading\" data-id=\"7c87cd7\" data-element_type=\"widget\" data-e-type=\"widget\" data-widget_type=\"heading.default\">\n\t\t\t\t<div class=\"elementor-widget-container\">\n\t\t\t\t\t<h4 class=\"elementor-heading-title elementor-size-medium\"> \u00abNo recomanem intervenir tots dos ulls en una mateixa sessi\u00f3 quir\u00fargica\u00bb<\/h4>\t\t\t\t<\/div>\n\t\t\t\t<\/div>\n\t\t\t\t\t<\/div>\n\t\t<\/div>\n\t\t\t\t\t<\/div>\n\t\t<\/section>\n\t\t\t\t\t<\/div>\n\t\t<\/div>\n\t\t\t\t\t<\/div>\n\t\t<\/section>\n\t\t\t\t<section class=\"elementor-section elementor-top-section elementor-element elementor-element-089b507 elementor-section-boxed elementor-section-height-default elementor-section-height-default\" data-id=\"089b507\" data-element_type=\"section\" data-e-type=\"section\">\n\t\t\t\t\t\t<div class=\"elementor-container elementor-column-gap-default\">\n\t\t\t\t\t<div class=\"elementor-column elementor-col-100 elementor-top-column elementor-element elementor-element-1ddc16e\" data-id=\"1ddc16e\" data-element_type=\"column\" data-e-type=\"column\">\n\t\t\t<div class=\"elementor-widget-wrap elementor-element-populated\">\n\t\t\t\t\t\t<div class=\"elementor-element elementor-element-59f0099 elementor-widget elementor-widget-text-editor\" data-id=\"59f0099\" data-element_type=\"widget\" data-e-type=\"widget\" data-widget_type=\"text-editor.default\">\n\t\t\t\t<div class=\"elementor-widget-container\">\n\t\t\t\t\t\t\t\t\t<p><strong>M&#8217;he de quedar ingressat quan m&#8217;operi de cataractes?<\/strong><\/p>\n<\/p>\n<p>La <strong>cirurgia de cataractes<\/strong> no requereix ingr\u00e9s i es realitza sota anest\u00e8sia t\u00f2pica, \u00e9s a dir, mitjan\u00e7ant l&#8217;\u00fas de gotes anest\u00e8siques. Tot i que el pacient torna a casa pel seu propi peu amb l&#8217;ull destapat, recomanem anar-hi acompanyat, ja que la visi\u00f3 durant les primeres hores encara no s&#8217;ha recuperat totalment.<\/p>\n\t\t\t\t\t\t\t\t<\/div>\n\t\t\t\t<\/div>\n\t\t\t\t<section class=\"elementor-section elementor-inner-section elementor-element elementor-element-af8771d elementor-section-content-middle elementor-section-boxed elementor-section-height-default elementor-section-height-default\" data-id=\"af8771d\" data-element_type=\"section\" data-e-type=\"section\">\n\t\t\t\t\t\t<div class=\"elementor-container elementor-column-gap-custom\">\n\t\t\t\t\t<div class=\"elementor-column elementor-col-100 elementor-inner-column elementor-element elementor-element-a9b08fb\" data-id=\"a9b08fb\" data-element_type=\"column\" data-e-type=\"column\">\n\t\t\t<div class=\"elementor-widget-wrap elementor-element-populated\">\n\t\t\t\t\t\t<div class=\"elementor-element elementor-element-677aa65 elementor-widget elementor-widget-heading\" data-id=\"677aa65\" data-element_type=\"widget\" data-e-type=\"widget\" data-widget_type=\"heading.default\">\n\t\t\t\t<div class=\"elementor-widget-container\">\n\t\t\t\t\t<h4 class=\"elementor-heading-title elementor-size-medium\">\u00abLa cirurgia de cataractes no requereix ingr\u00e9s i es fa sota anest\u00e8sia t\u00f2pica\u00bb<\/h4>\t\t\t\t<\/div>\n\t\t\t\t<\/div>\n\t\t\t\t\t<\/div>\n\t\t<\/div>\n\t\t\t\t\t<\/div>\n\t\t<\/section>\n\t\t\t\t\t<\/div>\n\t\t<\/div>\n\t\t\t\t\t<\/div>\n\t\t<\/section>\n\t\t\t\t<section class=\"elementor-section elementor-top-section elementor-element elementor-element-612bc94 elementor-section-boxed elementor-section-height-default elementor-section-height-default\" data-id=\"612bc94\" data-element_type=\"section\" data-e-type=\"section\">\n\t\t\t\t\t\t<div class=\"elementor-container elementor-column-gap-default\">\n\t\t\t\t\t<div class=\"elementor-column elementor-col-100 elementor-top-column elementor-element elementor-element-00859df\" data-id=\"00859df\" data-element_type=\"column\" data-e-type=\"column\">\n\t\t\t<div class=\"elementor-widget-wrap\">\n\t\t\t\t\t\t\t<\/div>\n\t\t<\/div>\n\t\t\t\t\t<\/div>\n\t\t<\/section>\n\t\t\t\t<section class=\"elementor-section elementor-top-section elementor-element elementor-element-f0dfd55 elementor-section-boxed elementor-section-height-default elementor-section-height-default\" data-id=\"f0dfd55\" data-element_type=\"section\" data-e-type=\"section\">\n\t\t\t\t\t\t<div class=\"elementor-container elementor-column-gap-default\">\n\t\t\t\t\t<div class=\"elementor-column elementor-col-100 elementor-top-column elementor-element elementor-element-1f0f8ec\" data-id=\"1f0f8ec\" data-element_type=\"column\" data-e-type=\"column\">\n\t\t\t<div class=\"elementor-widget-wrap elementor-element-populated\">\n\t\t\t\t\t\t<div class=\"elementor-element elementor-element-1e52dc5 elementor-widget elementor-widget-text-editor\" data-id=\"1e52dc5\" data-element_type=\"widget\" data-e-type=\"widget\" data-widget_type=\"text-editor.default\">\n\t\t\t\t<div class=\"elementor-widget-container\">\n\t\t\t\t\t\t\t\t\t<p>\u00a0<\/p><p><strong>M&#8217;han d&#8217;operar de cataractes, poden aprofitar per corregir-me la vista cansada alhora?<\/strong><\/p>\t\t\t\t\t\t\t\t<\/div>\n\t\t\t\t<\/div>\n\t\t\t\t<div class=\"elementor-element elementor-element-302e805 elementor-widget elementor-widget-text-editor\" data-id=\"302e805\" data-element_type=\"widget\" data-e-type=\"widget\" data-widget_type=\"text-editor.default\">\n\t\t\t\t<div class=\"elementor-widget-container\">\n\t\t\t\t\t\t\t\t\t<p>\u00c9s un dubte molt freq\u00fcent i la resposta \u00e9s que s\u00ed. Per corregir vista cansada i cataracta alhora utilitzem <strong>implants de lents especials<\/strong>, Aquestes lents poden ser <strong>multifocals o trifocals<\/strong>, i ens permeten enfocar les diferents dist\u00e0ncies funcionals que fem servir. Les dist\u00e0ncies s\u00f3n la llunyana, la intermitja i la propera. <\/p>\n\t\t\t\t\t\t\t\t<\/div>\n\t\t\t\t<\/div>\n\t\t\t\t<div class=\"elementor-element elementor-element-6850b9d elementor-widget elementor-widget-text-editor\" data-id=\"6850b9d\" data-element_type=\"widget\" data-e-type=\"widget\" data-widget_type=\"text-editor.default\">\n\t\t\t\t<div class=\"elementor-widget-container\">\n\t\t\t\t\t\t\t\t\t<p>El gran avantatge d&#8217;aquest tipus de lents \u00e9s la <strong>independ\u00e8ncia d&#8217;ulleres<\/strong> que ens dona. El petit inconvenient \u00e9s que <strong>sacrifiquem una mica de qualitat de visi\u00f3<\/strong>, sobretot en ambients poc lluminosos. Pot ser freq\u00fcent veure halos lluminosos de nit, si condu\u00efm. Tots aquests s\u00edmptomes per\u00f2, solen anar disminuint amb el temps. <\/p>\n\t\t\t\t\t\t\t\t<\/div>\n\t\t\t\t<\/div>\n\t\t\t\t<div class=\"elementor-element elementor-element-226917d elementor-widget elementor-widget-text-editor\" data-id=\"226917d\" data-element_type=\"widget\" data-e-type=\"widget\" data-widget_type=\"text-editor.default\">\n\t\t\t\t<div class=\"elementor-widget-container\">\n\t\t\t\t\t\t\t\t\t<p>Per tant, en aquells pacients que desitgin corregir la vista cansada en la mateixa intervenci\u00f3 de cataractes, \u00e9s possible. Sempre, \u00e9s clar, que tinguin un ull apte per fer-ho.<\/p>\n\t\t\t\t\t\t\t\t<\/div>\n\t\t\t\t<\/div>\n\t\t\t\t<section class=\"elementor-section elementor-inner-section elementor-element elementor-element-898f152 elementor-section-content-middle elementor-section-boxed elementor-section-height-default elementor-section-height-default\" data-id=\"898f152\" data-element_type=\"section\" data-e-type=\"section\">\n\t\t\t\t\t\t<div class=\"elementor-container elementor-column-gap-custom\">\n\t\t\t\t\t<div class=\"elementor-column elementor-col-100 elementor-inner-column elementor-element elementor-element-1617327\" data-id=\"1617327\" data-element_type=\"column\" data-e-type=\"column\">\n\t\t\t<div class=\"elementor-widget-wrap elementor-element-populated\">\n\t\t\t\t\t\t<div class=\"elementor-element elementor-element-f68d7e8 elementor-widget elementor-widget-heading\" data-id=\"f68d7e8\" data-element_type=\"widget\" data-e-type=\"widget\" data-widget_type=\"heading.default\">\n\t\t\t\t<div class=\"elementor-widget-container\">\n\t\t\t\t\t<h4 class=\"elementor-heading-title elementor-size-medium\">\u00abCorregir la vista cansada a la mateixa intervenci\u00f3 de cataractes \u00e9s possible mitjan\u00e7ant l'implant de lents multifocals o trifocals\u00bb<\/h4>\t\t\t\t<\/div>\n\t\t\t\t<\/div>\n\t\t\t\t\t<\/div>\n\t\t<\/div>\n\t\t\t\t\t<\/div>\n\t\t<\/section>\n\t\t\t\t\t<\/div>\n\t\t<\/div>\n\t\t\t\t\t<\/div>\n\t\t<\/section>\n\t\t\t\t<section class=\"elementor-section elementor-top-section elementor-element elementor-element-9332e1b elementor-section-boxed elementor-section-height-default elementor-section-height-default\" data-id=\"9332e1b\" data-element_type=\"section\" data-e-type=\"section\">\n\t\t\t\t\t\t<div class=\"elementor-container elementor-column-gap-default\">\n\t\t\t\t\t<div class=\"elementor-column elementor-col-100 elementor-top-column elementor-element elementor-element-f746a72\" data-id=\"f746a72\" data-element_type=\"column\" data-e-type=\"column\">\n\t\t\t<div class=\"elementor-widget-wrap elementor-element-populated\">\n\t\t\t\t\t\t<div class=\"elementor-element elementor-element-d62ffb6 elementor-widget-divider--view-line elementor-widget elementor-widget-divider\" data-id=\"d62ffb6\" data-element_type=\"widget\" data-e-type=\"widget\" data-widget_type=\"divider.default\">\n\t\t\t\t<div class=\"elementor-widget-container\">\n\t\t\t\t\t\t\t<div class=\"elementor-divider\">\n\t\t\t<span class=\"elementor-divider-separator\">\n\t\t\t\t\t\t<\/span>\n\t\t<\/div>\n\t\t\t\t\t\t<\/div>\n\t\t\t\t<\/div>\n\t\t\t\t\t<\/div>\n\t\t<\/div>\n\t\t\t\t\t<\/div>\n\t\t<\/section>\n\t\t\t\t<section class=\"elementor-section elementor-top-section elementor-element elementor-element-45f8e27 elementor-section-boxed elementor-section-height-default elementor-section-height-default\" data-id=\"45f8e27\" data-element_type=\"section\" data-e-type=\"section\">\n\t\t\t\t\t\t<div class=\"elementor-container elementor-column-gap-default\">\n\t\t\t\t\t<div class=\"elementor-column elementor-col-100 elementor-top-column elementor-element elementor-element-ba0a8ca\" data-id=\"ba0a8ca\" data-element_type=\"column\" data-e-type=\"column\">\n\t\t\t<div class=\"elementor-widget-wrap elementor-element-populated\">\n\t\t\t\t\t\t<div class=\"elementor-element elementor-element-b600d4d elementor-widget-divider--view-line elementor-widget elementor-widget-divider\" data-id=\"b600d4d\" data-element_type=\"widget\" data-e-type=\"widget\" data-widget_type=\"divider.default\">\n\t\t\t\t<div class=\"elementor-widget-container\">\n\t\t\t\t\t\t\t<div class=\"elementor-divider\">\n\t\t\t<span class=\"elementor-divider-separator\">\n\t\t\t\t\t\t<\/span>\n\t\t<\/div>\n\t\t\t\t\t\t<\/div>\n\t\t\t\t<\/div>\n\t\t\t\t\t<\/div>\n\t\t<\/div>\n\t\t\t\t\t<\/div>\n\t\t<\/section>\n\t\t\t\t<\/div>\n\t\t","protected":false},"excerpt":{"rendered":"<p>Com puc prevenir les cataractes? Es poden operar tots dos ulls alhora? \u00c9s necessari l&#8217;ingr\u00e9s en aquest tipus d&#8217;intervencions? Poden aprofitar per corregir-me la vista cansada? El nostre oftalm\u00f2leg especialista en cataractes, Xavier Corretger, ens en dona les respostes. <\/p>\n","protected":false},"author":1,"featured_media":12418,"comment_status":"closed","ping_status":"closed","sticky":false,"template":"","format":"standard","meta":{"_acf_changed":false,"footnotes":""},"categories":[216],"tags":[217,219,218,157,220],"autores":[38],"tipo_de_blog":[46],"class_list":["post-11128","post","type-post","status-publish","format-standard","has-post-thumbnail","hentry","category-cataractes","tag-cataractes","tag-cirurgia","tag-cirurgia-de-cataractes","tag-oftalmologia-ca","tag-xavier-corretger-ca","autores-dr-xavier-corretger","tipo_de_blog-visionblog","entry"],"acf":[],"yoast_head":"<!-- This site is optimized with the Yoast SEO plugin v27.4 - https:\/\/yoast.com\/product\/yoast-seo-wordpress\/ -->\n<title>Cirurgia de cataractes: FAQS - visi\u00f5ncl\u00ednic<\/title>\n<meta name=\"description\" content=\"Com puc prevenir les cataractes? Es poden operar tots dos ulls alhora? \u00c9s necessari l&#039;ingr\u00e9s? Les FAQS de la cirurgia de cataractes.\" \/>\n<meta name=\"robots\" content=\"index, follow, max-snippet:-1, max-image-preview:large, max-video-preview:-1\" \/>\n<link rel=\"canonical\" href=\"https:\/\/www.vision-clinic.es\/cirugia-de-cataratas-preguntas-frecuentes\/\" \/>\n<meta property=\"og:locale\" content=\"ca_ES\" \/>\n<meta property=\"og:type\" content=\"article\" \/>\n<meta property=\"og:title\" content=\"Cirurgia de cataractes: FAQS - visi\u00f5ncl\u00ednic\" \/>\n<meta property=\"og:description\" content=\"Com puc prevenir les cataractes? Es poden operar tots dos ulls alhora? \u00c9s necessari l&#039;ingr\u00e9s? Les FAQS de la cirurgia de cataractes.\" \/>\n<meta property=\"og:url\" content=\"https:\/\/www.vision-clinic.es\/cirugia-de-cataratas-preguntas-frecuentes\/\" \/>\n<meta property=\"og:site_name\" content=\"visi\u00f5ncl\u00ednic\" \/>\n<meta property=\"article:published_time\" content=\"2024-03-27T09:18:27+00:00\" \/>\n<meta property=\"article:modified_time\" content=\"2024-04-16T12:53:36+00:00\" \/>\n<meta property=\"og:image\" content=\"https:\/\/www.vision-clinic.es\/wp-content\/uploads\/2024\/03\/IMG_0860.jpg\" \/>\n\t<meta property=\"og:image:width\" content=\"1099\" \/>\n\t<meta property=\"og:image:height\" content=\"820\" \/>\n\t<meta property=\"og:image:type\" content=\"image\/jpeg\" \/>\n<meta name=\"author\" content=\"antaviana\" \/>\n<meta name=\"twitter:card\" content=\"summary_large_image\" \/>\n<meta name=\"twitter:label1\" content=\"Escrit per\" \/>\n\t<meta name=\"twitter:data1\" content=\"antaviana\" \/>\n\t<meta name=\"twitter:label2\" content=\"Temps estimat de lectura\" \/>\n\t<meta name=\"twitter:data2\" content=\"3 minuts\" \/>\n<script type=\"application\/ld+json\" class=\"yoast-schema-graph\">{\"@context\":\"https:\\\/\\\/schema.org\",\"@graph\":[{\"@type\":\"Article\",\"@id\":\"https:\\\/\\\/www.vision-clinic.es\\\/cirugia-de-cataratas-preguntas-frecuentes\\\/#article\",\"isPartOf\":{\"@id\":\"https:\\\/\\\/www.vision-clinic.es\\\/cirugia-de-cataratas-preguntas-frecuentes\\\/\"},\"author\":{\"name\":\"antaviana\",\"@id\":\"https:\\\/\\\/www.vision-clinic.es\\\/#\\\/schema\\\/person\\\/3f052dc0057d817776fc0c14f7b731b7\"},\"headline\":\"Cirurgia de cataractes: FAQS\",\"datePublished\":\"2024-03-27T09:18:27+00:00\",\"dateModified\":\"2024-04-16T12:53:36+00:00\",\"mainEntityOfPage\":{\"@id\":\"https:\\\/\\\/www.vision-clinic.es\\\/cirugia-de-cataratas-preguntas-frecuentes\\\/\"},\"wordCount\":546,\"publisher\":{\"@id\":\"https:\\\/\\\/www.vision-clinic.es\\\/#organization\"},\"image\":{\"@id\":\"https:\\\/\\\/www.vision-clinic.es\\\/cirugia-de-cataratas-preguntas-frecuentes\\\/#primaryimage\"},\"thumbnailUrl\":\"https:\\\/\\\/www.vision-clinic.es\\\/wp-content\\\/uploads\\\/2024\\\/03\\\/IMG_0860.jpg\",\"keywords\":[\"Cataractes\",\"cirurgia\",\"cirurgia de cataractes\",\"Oftalmologia\",\"Xavier Corretger\"],\"articleSection\":[\"Cataractes\"],\"inLanguage\":\"ca\"},{\"@type\":\"WebPage\",\"@id\":\"https:\\\/\\\/www.vision-clinic.es\\\/cirugia-de-cataratas-preguntas-frecuentes\\\/\",\"url\":\"https:\\\/\\\/www.vision-clinic.es\\\/cirugia-de-cataratas-preguntas-frecuentes\\\/\",\"name\":\"Cirurgia de cataractes: FAQS - visi\u00f5ncl\u00ednic\",\"isPartOf\":{\"@id\":\"https:\\\/\\\/www.vision-clinic.es\\\/#website\"},\"primaryImageOfPage\":{\"@id\":\"https:\\\/\\\/www.vision-clinic.es\\\/cirugia-de-cataratas-preguntas-frecuentes\\\/#primaryimage\"},\"image\":{\"@id\":\"https:\\\/\\\/www.vision-clinic.es\\\/cirugia-de-cataratas-preguntas-frecuentes\\\/#primaryimage\"},\"thumbnailUrl\":\"https:\\\/\\\/www.vision-clinic.es\\\/wp-content\\\/uploads\\\/2024\\\/03\\\/IMG_0860.jpg\",\"datePublished\":\"2024-03-27T09:18:27+00:00\",\"dateModified\":\"2024-04-16T12:53:36+00:00\",\"description\":\"Com puc prevenir les cataractes? Es poden operar tots dos ulls alhora? \u00c9s necessari l'ingr\u00e9s? Les FAQS de la cirurgia de cataractes.\",\"breadcrumb\":{\"@id\":\"https:\\\/\\\/www.vision-clinic.es\\\/cirugia-de-cataratas-preguntas-frecuentes\\\/#breadcrumb\"},\"inLanguage\":\"ca\",\"potentialAction\":[{\"@type\":\"ReadAction\",\"target\":[\"https:\\\/\\\/www.vision-clinic.es\\\/cirugia-de-cataratas-preguntas-frecuentes\\\/\"]}]},{\"@type\":\"ImageObject\",\"inLanguage\":\"ca\",\"@id\":\"https:\\\/\\\/www.vision-clinic.es\\\/cirugia-de-cataratas-preguntas-frecuentes\\\/#primaryimage\",\"url\":\"https:\\\/\\\/www.vision-clinic.es\\\/wp-content\\\/uploads\\\/2024\\\/03\\\/IMG_0860.jpg\",\"contentUrl\":\"https:\\\/\\\/www.vision-clinic.es\\\/wp-content\\\/uploads\\\/2024\\\/03\\\/IMG_0860.jpg\",\"width\":1099,\"height\":820},{\"@type\":\"BreadcrumbList\",\"@id\":\"https:\\\/\\\/www.vision-clinic.es\\\/cirugia-de-cataratas-preguntas-frecuentes\\\/#breadcrumb\",\"itemListElement\":[{\"@type\":\"ListItem\",\"position\":1,\"name\":\"Portada\",\"item\":\"https:\\\/\\\/www.vision-clinic.es\\\/\"},{\"@type\":\"ListItem\",\"position\":2,\"name\":\"Cirurgia de cataractes: FAQS\"}]},{\"@type\":\"WebSite\",\"@id\":\"https:\\\/\\\/www.vision-clinic.es\\\/#website\",\"url\":\"https:\\\/\\\/www.vision-clinic.es\\\/\",\"name\":\"visi\u00f5ncl\u00ednic\",\"description\":\"Cl\u00ednica oftalmol\u00f3gica de barnacl\u00ednic+ y Cl\u00ednicas Mi |\u00a0El val\u00f5r de ver bi\u00e9n\",\"publisher\":{\"@id\":\"https:\\\/\\\/www.vision-clinic.es\\\/#organization\"},\"potentialAction\":[{\"@type\":\"SearchAction\",\"target\":{\"@type\":\"EntryPoint\",\"urlTemplate\":\"https:\\\/\\\/www.vision-clinic.es\\\/?s={search_term_string}\"},\"query-input\":{\"@type\":\"PropertyValueSpecification\",\"valueRequired\":true,\"valueName\":\"search_term_string\"}}],\"inLanguage\":\"ca\"},{\"@type\":\"Organization\",\"@id\":\"https:\\\/\\\/www.vision-clinic.es\\\/#organization\",\"name\":\"visi\u00f5ncl\u00ednic\",\"url\":\"https:\\\/\\\/www.vision-clinic.es\\\/\",\"logo\":{\"@type\":\"ImageObject\",\"inLanguage\":\"ca\",\"@id\":\"https:\\\/\\\/www.vision-clinic.es\\\/#\\\/schema\\\/logo\\\/image\\\/\",\"url\":\"https:\\\/\\\/www.vision-clinic.es\\\/wp-content\\\/uploads\\\/2021\\\/10\\\/logo-web-visionclinic-cob.png\",\"contentUrl\":\"https:\\\/\\\/www.vision-clinic.es\\\/wp-content\\\/uploads\\\/2021\\\/10\\\/logo-web-visionclinic-cob.png\",\"width\":395,\"height\":100,\"caption\":\"visi\u00f5ncl\u00ednic\"},\"image\":{\"@id\":\"https:\\\/\\\/www.vision-clinic.es\\\/#\\\/schema\\\/logo\\\/image\\\/\"}},{\"@type\":\"Person\",\"@id\":\"https:\\\/\\\/www.vision-clinic.es\\\/#\\\/schema\\\/person\\\/3f052dc0057d817776fc0c14f7b731b7\",\"name\":\"antaviana\",\"sameAs\":[\"https:\\\/\\\/www.vision-clinic.es\"],\"url\":\"https:\\\/\\\/www.vision-clinic.es\\\/ca\\\/author\\\/antaviana\\\/\"}]}<\/script>\n<!-- \/ Yoast SEO plugin. -->","yoast_head_json":{"title":"Cirurgia de cataractes: FAQS - visi\u00f5ncl\u00ednic","description":"Com puc prevenir les cataractes? Es poden operar tots dos ulls alhora? \u00c9s necessari l'ingr\u00e9s? Les FAQS de la cirurgia de cataractes.","robots":{"index":"index","follow":"follow","max-snippet":"max-snippet:-1","max-image-preview":"max-image-preview:large","max-video-preview":"max-video-preview:-1"},"canonical":"https:\/\/www.vision-clinic.es\/cirugia-de-cataratas-preguntas-frecuentes\/","og_locale":"ca_ES","og_type":"article","og_title":"Cirurgia de cataractes: FAQS - visi\u00f5ncl\u00ednic","og_description":"Com puc prevenir les cataractes? Es poden operar tots dos ulls alhora? \u00c9s necessari l'ingr\u00e9s? Les FAQS de la cirurgia de cataractes.","og_url":"https:\/\/www.vision-clinic.es\/cirugia-de-cataratas-preguntas-frecuentes\/","og_site_name":"visi\u00f5ncl\u00ednic","article_published_time":"2024-03-27T09:18:27+00:00","article_modified_time":"2024-04-16T12:53:36+00:00","og_image":[{"width":1099,"height":820,"url":"https:\/\/www.vision-clinic.es\/wp-content\/uploads\/2024\/03\/IMG_0860.jpg","type":"image\/jpeg"}],"author":"antaviana","twitter_card":"summary_large_image","twitter_misc":{"Escrit per":"antaviana","Temps estimat de lectura":"3 minuts"},"schema":{"@context":"https:\/\/schema.org","@graph":[{"@type":"Article","@id":"https:\/\/www.vision-clinic.es\/cirugia-de-cataratas-preguntas-frecuentes\/#article","isPartOf":{"@id":"https:\/\/www.vision-clinic.es\/cirugia-de-cataratas-preguntas-frecuentes\/"},"author":{"name":"antaviana","@id":"https:\/\/www.vision-clinic.es\/#\/schema\/person\/3f052dc0057d817776fc0c14f7b731b7"},"headline":"Cirurgia de cataractes: FAQS","datePublished":"2024-03-27T09:18:27+00:00","dateModified":"2024-04-16T12:53:36+00:00","mainEntityOfPage":{"@id":"https:\/\/www.vision-clinic.es\/cirugia-de-cataratas-preguntas-frecuentes\/"},"wordCount":546,"publisher":{"@id":"https:\/\/www.vision-clinic.es\/#organization"},"image":{"@id":"https:\/\/www.vision-clinic.es\/cirugia-de-cataratas-preguntas-frecuentes\/#primaryimage"},"thumbnailUrl":"https:\/\/www.vision-clinic.es\/wp-content\/uploads\/2024\/03\/IMG_0860.jpg","keywords":["Cataractes","cirurgia","cirurgia de cataractes","Oftalmologia","Xavier Corretger"],"articleSection":["Cataractes"],"inLanguage":"ca"},{"@type":"WebPage","@id":"https:\/\/www.vision-clinic.es\/cirugia-de-cataratas-preguntas-frecuentes\/","url":"https:\/\/www.vision-clinic.es\/cirugia-de-cataratas-preguntas-frecuentes\/","name":"Cirurgia de cataractes: FAQS - visi\u00f5ncl\u00ednic","isPartOf":{"@id":"https:\/\/www.vision-clinic.es\/#website"},"primaryImageOfPage":{"@id":"https:\/\/www.vision-clinic.es\/cirugia-de-cataratas-preguntas-frecuentes\/#primaryimage"},"image":{"@id":"https:\/\/www.vision-clinic.es\/cirugia-de-cataratas-preguntas-frecuentes\/#primaryimage"},"thumbnailUrl":"https:\/\/www.vision-clinic.es\/wp-content\/uploads\/2024\/03\/IMG_0860.jpg","datePublished":"2024-03-27T09:18:27+00:00","dateModified":"2024-04-16T12:53:36+00:00","description":"Com puc prevenir les cataractes? Es poden operar tots dos ulls alhora? \u00c9s necessari l'ingr\u00e9s? Les FAQS de la cirurgia de cataractes.","breadcrumb":{"@id":"https:\/\/www.vision-clinic.es\/cirugia-de-cataratas-preguntas-frecuentes\/#breadcrumb"},"inLanguage":"ca","potentialAction":[{"@type":"ReadAction","target":["https:\/\/www.vision-clinic.es\/cirugia-de-cataratas-preguntas-frecuentes\/"]}]},{"@type":"ImageObject","inLanguage":"ca","@id":"https:\/\/www.vision-clinic.es\/cirugia-de-cataratas-preguntas-frecuentes\/#primaryimage","url":"https:\/\/www.vision-clinic.es\/wp-content\/uploads\/2024\/03\/IMG_0860.jpg","contentUrl":"https:\/\/www.vision-clinic.es\/wp-content\/uploads\/2024\/03\/IMG_0860.jpg","width":1099,"height":820},{"@type":"BreadcrumbList","@id":"https:\/\/www.vision-clinic.es\/cirugia-de-cataratas-preguntas-frecuentes\/#breadcrumb","itemListElement":[{"@type":"ListItem","position":1,"name":"Portada","item":"https:\/\/www.vision-clinic.es\/"},{"@type":"ListItem","position":2,"name":"Cirurgia de cataractes: FAQS"}]},{"@type":"WebSite","@id":"https:\/\/www.vision-clinic.es\/#website","url":"https:\/\/www.vision-clinic.es\/","name":"visi\u00f5ncl\u00ednic","description":"Cl\u00ednica oftalmol\u00f3gica de barnacl\u00ednic+ y Cl\u00ednicas Mi |\u00a0El val\u00f5r de ver bi\u00e9n","publisher":{"@id":"https:\/\/www.vision-clinic.es\/#organization"},"potentialAction":[{"@type":"SearchAction","target":{"@type":"EntryPoint","urlTemplate":"https:\/\/www.vision-clinic.es\/?s={search_term_string}"},"query-input":{"@type":"PropertyValueSpecification","valueRequired":true,"valueName":"search_term_string"}}],"inLanguage":"ca"},{"@type":"Organization","@id":"https:\/\/www.vision-clinic.es\/#organization","name":"visi\u00f5ncl\u00ednic","url":"https:\/\/www.vision-clinic.es\/","logo":{"@type":"ImageObject","inLanguage":"ca","@id":"https:\/\/www.vision-clinic.es\/#\/schema\/logo\/image\/","url":"https:\/\/www.vision-clinic.es\/wp-content\/uploads\/2021\/10\/logo-web-visionclinic-cob.png","contentUrl":"https:\/\/www.vision-clinic.es\/wp-content\/uploads\/2021\/10\/logo-web-visionclinic-cob.png","width":395,"height":100,"caption":"visi\u00f5ncl\u00ednic"},"image":{"@id":"https:\/\/www.vision-clinic.es\/#\/schema\/logo\/image\/"}},{"@type":"Person","@id":"https:\/\/www.vision-clinic.es\/#\/schema\/person\/3f052dc0057d817776fc0c14f7b731b7","name":"antaviana","sameAs":["https:\/\/www.vision-clinic.es"],"url":"https:\/\/www.vision-clinic.es\/ca\/author\/antaviana\/"}]}},"_links":{"self":[{"href":"https:\/\/www.vision-clinic.es\/ca\/wp-json\/wp\/v2\/posts\/11128","targetHints":{"allow":["GET"]}}],"collection":[{"href":"https:\/\/www.vision-clinic.es\/ca\/wp-json\/wp\/v2\/posts"}],"about":[{"href":"https:\/\/www.vision-clinic.es\/ca\/wp-json\/wp\/v2\/types\/post"}],"author":[{"embeddable":true,"href":"https:\/\/www.vision-clinic.es\/ca\/wp-json\/wp\/v2\/users\/1"}],"replies":[{"embeddable":true,"href":"https:\/\/www.vision-clinic.es\/ca\/wp-json\/wp\/v2\/comments?post=11128"}],"version-history":[{"count":7,"href":"https:\/\/www.vision-clinic.es\/ca\/wp-json\/wp\/v2\/posts\/11128\/revisions"}],"predecessor-version":[{"id":12430,"href":"https:\/\/www.vision-clinic.es\/ca\/wp-json\/wp\/v2\/posts\/11128\/revisions\/12430"}],"wp:featuredmedia":[{"embeddable":true,"href":"https:\/\/www.vision-clinic.es\/ca\/wp-json\/wp\/v2\/media\/12418"}],"wp:attachment":[{"href":"https:\/\/www.vision-clinic.es\/ca\/wp-json\/wp\/v2\/media?parent=11128"}],"wp:term":[{"taxonomy":"category","embeddable":true,"href":"https:\/\/www.vision-clinic.es\/ca\/wp-json\/wp\/v2\/categories?post=11128"},{"taxonomy":"post_tag","embeddable":true,"href":"https:\/\/www.vision-clinic.es\/ca\/wp-json\/wp\/v2\/tags?post=11128"},{"taxonomy":"autores","embeddable":true,"href":"https:\/\/www.vision-clinic.es\/ca\/wp-json\/wp\/v2\/autores?post=11128"},{"taxonomy":"tipo_de_blog","embeddable":true,"href":"https:\/\/www.vision-clinic.es\/ca\/wp-json\/wp\/v2\/tipo_de_blog?post=11128"}],"curies":[{"name":"wp","href":"https:\/\/api.w.org\/{rel}","templated":true}]}}