{"id":13490,"date":"2024-12-11T10:23:45","date_gmt":"2024-12-11T10:23:45","guid":{"rendered":"https:\/\/www.vision-clinic.es\/infeccions-de-les-lents-de-contacte-avancos-per-tractar-les\/"},"modified":"2024-12-11T10:44:25","modified_gmt":"2024-12-11T10:44:25","slug":"infeccions-de-les-lents-de-contacte-avancos-per-tractar-les","status":"publish","type":"post","link":"https:\/\/www.vision-clinic.es\/ca\/infeccions-de-les-lents-de-contacte-avancos-per-tractar-les\/","title":{"rendered":"Infeccions de les lents de contacte: avan\u00e7os per tractar-les"},"content":{"rendered":"\t\t<div data-elementor-type=\"wp-post\" data-elementor-id=\"13490\" class=\"elementor elementor-13490 elementor-13464\" data-elementor-post-type=\"post\">\n\t\t\t\t\t\t<section class=\"elementor-section elementor-top-section elementor-element elementor-element-2e79c5e elementor-section-boxed elementor-section-height-default elementor-section-height-default\" data-id=\"2e79c5e\" data-element_type=\"section\" data-e-type=\"section\">\n\t\t\t\t\t\t<div class=\"elementor-container elementor-column-gap-default\">\n\t\t\t\t\t<div class=\"elementor-column elementor-col-100 elementor-top-column elementor-element elementor-element-130c974\" data-id=\"130c974\" data-element_type=\"column\" data-e-type=\"column\">\n\t\t\t<div class=\"elementor-widget-wrap elementor-element-populated\">\n\t\t\t\t\t\t<div class=\"elementor-element elementor-element-d6ff41f elementor-widget elementor-widget-text-editor\" data-id=\"d6ff41f\" data-element_type=\"widget\" data-e-type=\"widget\" data-widget_type=\"text-editor.default\">\n\t\t\t\t<div class=\"elementor-widget-container\">\n\t\t\t\t\t\t\t\t\t<p align=\"left\"><strong>Les lentilles tenen un perill, les infeccions, algunes de les quals poden ser greus. <a href=\"https:\/\/www.vision-clinic.es\/ca\/qui-som\/\">Josep Torras<\/a>,<\/strong><strong> el nostre oftalm\u00f2leg especialista en<\/strong><a href=\"https:\/\/www.vision-clinic.es\/ca\/cornia\/\" target=\"_blank\" rel=\"noopener\"><b> c\u00f2rnia<\/b><\/a><strong>, ens parla d&#8217;un nou tractament per fer-hi front: l&#8217;<a href=\"https:\/\/www.lavanguardia.com\/internacional\/20240826\/9890893\/comunicado-sifi-recibe-aprobacion-comision-europea-akantior-ep-agenciaslv20240826.html\">Akantior<\/a>.<\/strong><\/p>\n\t\t\t\t\t\t\t\t<\/div>\n\t\t\t\t<\/div>\n\t\t\t\t<div class=\"elementor-element elementor-element-462d84a elementor-widget elementor-widget-heading\" data-id=\"462d84a\" data-element_type=\"widget\" data-e-type=\"widget\" data-widget_type=\"heading.default\">\n\t\t\t\t<div class=\"elementor-widget-container\">\n\t\t\t\t\t<h2 class=\"elementor-heading-title elementor-size-medium\">Les infeccions per l'\u00fas de lentilles<\/h2>\t\t\t\t<\/div>\n\t\t\t\t<\/div>\n\t\t\t\t<div class=\"elementor-element elementor-element-74b872a elementor-widget elementor-widget-text-editor\" data-id=\"74b872a\" data-element_type=\"widget\" data-e-type=\"widget\" data-widget_type=\"text-editor.default\">\n\t\t\t\t<div class=\"elementor-widget-container\">\n\t\t\t\t\t\t\t\t\t<p>La <strong>queratitis per Acanthamoeba <\/strong>\u00e9s una infecci\u00f3 de la c\u00f2rnia causada per un mal \u00fas de les lents de contacte que, si no es tracta a temps, pot causar molt de dolor al pacient i fins i tot la p\u00e8rdua de visi\u00f3.<\/p>\n\t\t\t\t\t\t\t\t<\/div>\n\t\t\t\t<\/div>\n\t\t\t\t<div class=\"elementor-element elementor-element-0220fa0 elementor-widget elementor-widget-text-editor\" data-id=\"0220fa0\" data-element_type=\"widget\" data-e-type=\"widget\" data-widget_type=\"text-editor.default\">\n\t\t\t\t<div class=\"elementor-widget-container\">\n\t\t\t\t\t\t\t\t\t<p>Acanthamoeba es un tipo de par\u00e1sito muy presente en la naturaleza, especialmente en el suelo y en todo tipo de aguas (excepto en el mar, debido a la presencia de la sal). Aunque la queratitis por esta ameba es poco frecuente, es muy grave cuando se produce, dif\u00edcil de tratar y en algunos casos puede requerir<strong> <a href=\"https:\/\/www.clinicbarcelona.org\/asistencia\/pruebas-y-procedimientos\/trasplante-de-cornea\/el-procedimiento-en-el-clinic\" target=\"_blank\" rel=\"noopener\"><u>trasplante de c\u00f3rnea<\/u><\/a><\/strong> para curarla. <\/p>\n\t\t\t\t\t\t\t\t<\/div>\n\t\t\t\t<\/div>\n\t\t\t\t<div class=\"elementor-element elementor-element-6420571 elementor-widget elementor-widget-text-editor\" data-id=\"6420571\" data-element_type=\"widget\" data-e-type=\"widget\" data-widget_type=\"text-editor.default\">\n\t\t\t\t<div class=\"elementor-widget-container\">\n\t\t\t\t\t\t\t\t\t<p align=\"left\">Afortunadament, <a href=\"https:\/\/www.clinicbarcelona.org\/noticias\/avances-en-el-tratamiento-de-las-infecciones-de-las-lentes-de-contacto\">l&#8217;Ag\u00e8ncia Europea del Medicament (EMA) ha aprovat recentment l&#8217;\u00fas d&#8217;Akantior (polihexanida)<\/a>, un f\u00e0rmac per al tractament d&#8217;aquesta infecci\u00f3.<\/p>\n\t\t\t\t\t\t\t\t<\/div>\n\t\t\t\t<\/div>\n\t\t\t\t\t<\/div>\n\t\t<\/div>\n\t\t\t\t\t<\/div>\n\t\t<\/section>\n\t\t\t\t<section class=\"elementor-section elementor-inner-section elementor-element elementor-element-f94dad9 elementor-section-content-middle elementor-section-boxed elementor-section-height-default elementor-section-height-default\" data-id=\"f94dad9\" data-element_type=\"section\" data-e-type=\"section\">\n\t\t\t\t\t\t<div class=\"elementor-container elementor-column-gap-custom\">\n\t\t\t\t\t<div class=\"elementor-column elementor-col-50 elementor-inner-column elementor-element elementor-element-68b8a42\" data-id=\"68b8a42\" data-element_type=\"column\" data-e-type=\"column\">\n\t\t\t<div class=\"elementor-widget-wrap elementor-element-populated\">\n\t\t\t\t\t\t<div class=\"elementor-element elementor-element-85051a2 elementor-widget elementor-widget-image\" data-id=\"85051a2\" data-element_type=\"widget\" data-e-type=\"widget\" data-widget_type=\"image.default\">\n\t\t\t\t<div class=\"elementor-widget-container\">\n\t\t\t\t\t\t\t\t\t\t\t\t\t\t\t<img decoding=\"async\" width=\"200\" height=\"202\" src=\"https:\/\/www.vision-clinic.es\/wp-content\/uploads\/2022\/02\/Josep-Torras-e1710861695479.png\" class=\"attachment-medium_large size-medium_large wp-image-9993\" alt=\"\" style=\"width:100%;height:101%;max-width:200px\" \/>\t\t\t\t\t\t\t\t\t\t\t\t\t\t\t<\/div>\n\t\t\t\t<\/div>\n\t\t\t\t<div class=\"elementor-element elementor-element-305a75b elementor-widget elementor-widget-text-editor\" data-id=\"305a75b\" data-element_type=\"widget\" data-e-type=\"widget\" data-widget_type=\"text-editor.default\">\n\t\t\t\t<div class=\"elementor-widget-container\">\n\t\t\t\t\t\t\t\t\t<p style=\"text-align: center;\">Dr. Josep Torras<\/p>\n\t\t\t\t\t\t\t\t<\/div>\n\t\t\t\t<\/div>\n\t\t\t\t\t<\/div>\n\t\t<\/div>\n\t\t\t\t<div class=\"elementor-column elementor-col-50 elementor-inner-column elementor-element elementor-element-58ed91d\" data-id=\"58ed91d\" data-element_type=\"column\" data-e-type=\"column\">\n\t\t\t<div class=\"elementor-widget-wrap elementor-element-populated\">\n\t\t\t\t\t\t<div class=\"elementor-element elementor-element-1b1d30e elementor-widget elementor-widget-heading\" data-id=\"1b1d30e\" data-element_type=\"widget\" data-e-type=\"widget\" data-widget_type=\"heading.default\">\n\t\t\t\t<div class=\"elementor-widget-container\">\n\t\t\t\t\t<h4 class=\"elementor-heading-title elementor-size-medium\">\"L'aprovaci\u00f3 d'aquest f\u00e0rmac per tractar les infeccions per Acanthamoeba \u00e9s un gran aven\u00e7, ja que permet que hi hagi disponibilitat a totes les farm\u00e0cies europees d'un tractament efica\u00e7\"<\/h4>\t\t\t\t<\/div>\n\t\t\t\t<\/div>\n\t\t\t\t\t<\/div>\n\t\t<\/div>\n\t\t\t\t\t<\/div>\n\t\t<\/section>\n\t\t\t\t<section class=\"elementor-section elementor-top-section elementor-element elementor-element-1c689e6 elementor-section-boxed elementor-section-height-default elementor-section-height-default\" data-id=\"1c689e6\" data-element_type=\"section\" data-e-type=\"section\">\n\t\t\t\t\t\t<div class=\"elementor-container elementor-column-gap-default\">\n\t\t\t\t\t<div class=\"elementor-column elementor-col-100 elementor-top-column elementor-element elementor-element-0d84e7a\" data-id=\"0d84e7a\" data-element_type=\"column\" data-e-type=\"column\">\n\t\t\t<div class=\"elementor-widget-wrap elementor-element-populated\">\n\t\t\t\t\t\t<div class=\"elementor-element elementor-element-6d8bacf elementor-widget-divider--view-line elementor-widget elementor-widget-divider\" data-id=\"6d8bacf\" data-element_type=\"widget\" data-e-type=\"widget\" data-widget_type=\"divider.default\">\n\t\t\t\t<div class=\"elementor-widget-container\">\n\t\t\t\t\t\t\t<div class=\"elementor-divider\">\n\t\t\t<span class=\"elementor-divider-separator\">\n\t\t\t\t\t\t<\/span>\n\t\t<\/div>\n\t\t\t\t\t\t<\/div>\n\t\t\t\t<\/div>\n\t\t\t\t\t<\/div>\n\t\t<\/div>\n\t\t\t\t\t<\/div>\n\t\t<\/section>\n\t\t\t\t<section class=\"elementor-section elementor-top-section elementor-element elementor-element-a0b5684 elementor-section-boxed elementor-section-height-default elementor-section-height-default\" data-id=\"a0b5684\" data-element_type=\"section\" data-e-type=\"section\">\n\t\t\t\t\t\t<div class=\"elementor-container elementor-column-gap-default\">\n\t\t\t\t\t<div class=\"elementor-column elementor-col-100 elementor-top-column elementor-element elementor-element-04bb89e\" data-id=\"04bb89e\" data-element_type=\"column\" data-e-type=\"column\">\n\t\t\t<div class=\"elementor-widget-wrap elementor-element-populated\">\n\t\t\t\t\t\t<div class=\"elementor-element elementor-element-3be8a86 elementor-widget elementor-widget-video\" data-id=\"3be8a86\" data-element_type=\"widget\" data-e-type=\"widget\" data-settings=\"{&quot;youtube_url&quot;:&quot;https:\\\/\\\/www.youtube.com\\\/watch?v=vvWw6eQav1s&quot;,&quot;video_type&quot;:&quot;youtube&quot;,&quot;controls&quot;:&quot;yes&quot;}\" data-widget_type=\"video.default\">\n\t\t\t\t<div class=\"elementor-widget-container\">\n\t\t\t\t\t\t\t<div class=\"elementor-wrapper elementor-open-inline\">\n\t\t\t<div class=\"elementor-video\"><\/div>\t\t<\/div>\n\t\t\t\t\t\t<\/div>\n\t\t\t\t<\/div>\n\t\t\t\t\t<\/div>\n\t\t<\/div>\n\t\t\t\t\t<\/div>\n\t\t<\/section>\n\t\t\t\t<section class=\"elementor-section elementor-top-section elementor-element elementor-element-140ca56 elementor-section-boxed elementor-section-height-default elementor-section-height-default\" data-id=\"140ca56\" data-element_type=\"section\" data-e-type=\"section\">\n\t\t\t\t\t\t<div class=\"elementor-container elementor-column-gap-default\">\n\t\t\t\t\t<div class=\"elementor-column elementor-col-100 elementor-top-column elementor-element elementor-element-3c5755b\" data-id=\"3c5755b\" data-element_type=\"column\" data-e-type=\"column\">\n\t\t\t<div class=\"elementor-widget-wrap elementor-element-populated\">\n\t\t\t\t\t\t<div class=\"elementor-element elementor-element-fa81ca3 elementor-widget elementor-widget-heading\" data-id=\"fa81ca3\" data-element_type=\"widget\" data-e-type=\"widget\" data-widget_type=\"heading.default\">\n\t\t\t\t<div class=\"elementor-widget-container\">\n\t\t\t\t\t<h2 class=\"elementor-heading-title elementor-size-medium\">Aven\u00e7os en el diagn\u00f2stic i tractament<\/h2>\t\t\t\t<\/div>\n\t\t\t\t<\/div>\n\t\t\t\t<section class=\"elementor-section elementor-inner-section elementor-element elementor-element-12019d9 elementor-section-boxed elementor-section-height-default elementor-section-height-default\" data-id=\"12019d9\" data-element_type=\"section\" data-e-type=\"section\">\n\t\t\t\t\t\t<div class=\"elementor-container elementor-column-gap-default\">\n\t\t\t\t\t<div class=\"elementor-column elementor-col-100 elementor-inner-column elementor-element elementor-element-ef501de\" data-id=\"ef501de\" data-element_type=\"column\" data-e-type=\"column\">\n\t\t\t<div class=\"elementor-widget-wrap elementor-element-populated\">\n\t\t\t\t\t\t<div class=\"elementor-element elementor-element-c5971a7 elementor-widget elementor-widget-text-editor\" data-id=\"c5971a7\" data-element_type=\"widget\" data-e-type=\"widget\" data-widget_type=\"text-editor.default\">\n\t\t\t\t<div class=\"elementor-widget-container\">\n\t\t\t\t\t\t\t\t\t<p>Fins ara, els \u00fanics tractaments comercialitzats per aquesta patologia estaven disponibles nom\u00e9s al Regne Unit. A Espanya s&#8217;havien d&#8217;adquirir com a medicaci\u00f3 estrangera. Tot i aix\u00f2, al <strong><a href=\"https:\/\/www.clinicbarcelona.org\/\">Cl\u00ednic<\/a><\/strong>, on treballa Torras, s&#8217;han tractat amb \u00e8xit molts casos d&#8217;aquesta patologia amb <strong>col.liri de clorhexidina 0.02%<\/strong> (antis\u00e8ptic molt ben tolerat) per\u00f2 que requereix d&#8217;una preparaci\u00f3 com a f\u00f3rmula magistral per part dels farmac\u00e8utics de l&#8217;hospital.  <\/p>\n\t\t\t\t\t\t\t\t<\/div>\n\t\t\t\t<\/div>\n\t\t\t\t\t<\/div>\n\t\t<\/div>\n\t\t\t\t\t<\/div>\n\t\t<\/section>\n\t\t\t\t<section class=\"elementor-section elementor-inner-section elementor-element elementor-element-64d1c6b elementor-section-boxed elementor-section-height-default elementor-section-height-default\" data-id=\"64d1c6b\" data-element_type=\"section\" data-e-type=\"section\">\n\t\t\t\t\t\t<div class=\"elementor-container elementor-column-gap-default\">\n\t\t\t\t\t<div class=\"elementor-column elementor-col-100 elementor-inner-column elementor-element elementor-element-35e3012\" data-id=\"35e3012\" data-element_type=\"column\" data-e-type=\"column\">\n\t\t\t<div class=\"elementor-widget-wrap elementor-element-populated\">\n\t\t\t\t\t\t<div class=\"elementor-element elementor-element-a30c21e elementor-widget elementor-widget-text-editor\" data-id=\"a30c21e\" data-element_type=\"widget\" data-e-type=\"widget\" data-widget_type=\"text-editor.default\">\n\t\t\t\t<div class=\"elementor-widget-container\">\n\t\t\t\t\t\t\t\t\t<p>La comercialitzaci\u00f3 d&#8217;<strong>Akantior<\/strong> (polihexanida) \u00e9s un gran aven\u00e7, ja que permet que hi hagi disponibilitat a totes les farm\u00e0cies europees d&#8217;un tractament efica\u00e7.<\/p>\n\t\t\t\t\t\t\t\t<\/div>\n\t\t\t\t<\/div>\n\t\t\t\t\t<\/div>\n\t\t<\/div>\n\t\t\t\t\t<\/div>\n\t\t<\/section>\n\t\t\t\t<section class=\"elementor-section elementor-inner-section elementor-element elementor-element-366643c elementor-section-boxed elementor-section-height-default elementor-section-height-default\" data-id=\"366643c\" data-element_type=\"section\" data-e-type=\"section\">\n\t\t\t\t\t\t<div class=\"elementor-container elementor-column-gap-default\">\n\t\t\t\t\t<div class=\"elementor-column elementor-col-100 elementor-inner-column elementor-element elementor-element-28e832e\" data-id=\"28e832e\" data-element_type=\"column\" data-e-type=\"column\">\n\t\t\t<div class=\"elementor-widget-wrap elementor-element-populated\">\n\t\t\t\t\t\t<div class=\"elementor-element elementor-element-0e261e2 elementor-widget elementor-widget-text-editor\" data-id=\"0e261e2\" data-element_type=\"widget\" data-e-type=\"widget\" data-widget_type=\"text-editor.default\">\n\t\t\t\t<div class=\"elementor-widget-container\">\n\t\t\t\t\t\t\t\t\t<p>En aquesta malaltia \u00e9s molt important que el diagn\u00f2stic sigui preco\u00e7 perqu\u00e8 el tractament sigui m\u00e9s efica\u00e7. Quan el par\u00e0sit s&#8217;enquista dins de la c\u00f2rnia, els medicaments s\u00f3n menys efica\u00e7os. Quan el pacient no respon b\u00e9 al tractament, \u00e9s a dir, es produeix resist\u00e8ncia, o es comen\u00e7a a tractar massa tard, requereix <strong><a href=\"https:\/\/www.vision-clinic.es\/queratoplastia-endotelial-trasplante-de-cornea-dmek\/\">trasplantament de c\u00f2rnia<\/a><\/strong>, que no sempre evoluciona satisfact\u00f2riament. En aquests casos es pot arribar a perdre la visi\u00f3 de l&#8217;ull.   <\/p>\n\t\t\t\t\t\t\t\t<\/div>\n\t\t\t\t<\/div>\n\t\t\t\t\t<\/div>\n\t\t<\/div>\n\t\t\t\t\t<\/div>\n\t\t<\/section>\n\t\t\t\t\t<\/div>\n\t\t<\/div>\n\t\t\t\t\t<\/div>\n\t\t<\/section>\n\t\t\t\t<section class=\"elementor-section elementor-inner-section elementor-element elementor-element-9d626c1 elementor-section-content-middle elementor-section-boxed elementor-section-height-default elementor-section-height-default\" data-id=\"9d626c1\" data-element_type=\"section\" data-e-type=\"section\">\n\t\t\t\t\t\t<div class=\"elementor-container elementor-column-gap-custom\">\n\t\t\t\t\t<div class=\"elementor-column elementor-col-50 elementor-inner-column elementor-element elementor-element-514646e\" data-id=\"514646e\" data-element_type=\"column\" data-e-type=\"column\">\n\t\t\t<div class=\"elementor-widget-wrap elementor-element-populated\">\n\t\t\t\t\t\t<div class=\"elementor-element elementor-element-d1f7e23 elementor-widget elementor-widget-image\" data-id=\"d1f7e23\" data-element_type=\"widget\" data-e-type=\"widget\" data-widget_type=\"image.default\">\n\t\t\t\t<div class=\"elementor-widget-container\">\n\t\t\t\t\t\t\t\t\t\t\t\t\t\t\t<img decoding=\"async\" width=\"200\" height=\"202\" src=\"https:\/\/www.vision-clinic.es\/wp-content\/uploads\/2022\/02\/Josep-Torras-e1710861695479.png\" class=\"attachment-medium_large size-medium_large wp-image-9993\" alt=\"\" style=\"width:100%;height:101%;max-width:200px\" \/>\t\t\t\t\t\t\t\t\t\t\t\t\t\t\t<\/div>\n\t\t\t\t<\/div>\n\t\t\t\t<div class=\"elementor-element elementor-element-cb2d849 elementor-widget elementor-widget-text-editor\" data-id=\"cb2d849\" data-element_type=\"widget\" data-e-type=\"widget\" data-widget_type=\"text-editor.default\">\n\t\t\t\t<div class=\"elementor-widget-container\">\n\t\t\t\t\t\t\t\t\t<p style=\"text-align: center;\">Dr. Josep Torras<\/p>\n\t\t\t\t\t\t\t\t<\/div>\n\t\t\t\t<\/div>\n\t\t\t\t\t<\/div>\n\t\t<\/div>\n\t\t\t\t<div class=\"elementor-column elementor-col-50 elementor-inner-column elementor-element elementor-element-b05de95\" data-id=\"b05de95\" data-element_type=\"column\" data-e-type=\"column\">\n\t\t\t<div class=\"elementor-widget-wrap elementor-element-populated\">\n\t\t\t\t\t\t<div class=\"elementor-element elementor-element-45745a7 elementor-widget elementor-widget-heading\" data-id=\"45745a7\" data-element_type=\"widget\" data-e-type=\"widget\" data-widget_type=\"heading.default\">\n\t\t\t\t<div class=\"elementor-widget-container\">\n\t\t\t\t\t<h4 class=\"elementor-heading-title elementor-size-medium\">\u201cCom passa sovint, el millor tractament \u00e9s la prevenci\u00f3: com? Evitant una mala higiene de les lents de contacte. Banyar-se o dutxar-se amb les lents posades, dormir-hi o guardar-les amb aigua s\u00f3n conductes que hem d'evitar\u201d<\/h4>\t\t\t\t<\/div>\n\t\t\t\t<\/div>\n\t\t\t\t\t<\/div>\n\t\t<\/div>\n\t\t\t\t\t<\/div>\n\t\t<\/section>\n\t\t\t\t<section class=\"elementor-section elementor-top-section elementor-element elementor-element-f3ac5c8 elementor-section-boxed elementor-section-height-default elementor-section-height-default\" data-id=\"f3ac5c8\" data-element_type=\"section\" data-e-type=\"section\">\n\t\t\t\t\t\t<div class=\"elementor-container elementor-column-gap-default\">\n\t\t\t\t\t<div class=\"elementor-column elementor-col-100 elementor-top-column elementor-element elementor-element-9020444\" data-id=\"9020444\" data-element_type=\"column\" data-e-type=\"column\">\n\t\t\t<div class=\"elementor-widget-wrap elementor-element-populated\">\n\t\t\t\t\t\t<div class=\"elementor-element elementor-element-d4b4168 elementor-widget-divider--view-line elementor-widget elementor-widget-divider\" data-id=\"d4b4168\" data-element_type=\"widget\" data-e-type=\"widget\" data-widget_type=\"divider.default\">\n\t\t\t\t<div class=\"elementor-widget-container\">\n\t\t\t\t\t\t\t<div class=\"elementor-divider\">\n\t\t\t<span class=\"elementor-divider-separator\">\n\t\t\t\t\t\t<\/span>\n\t\t<\/div>\n\t\t\t\t\t\t<\/div>\n\t\t\t\t<\/div>\n\t\t\t\t\t<\/div>\n\t\t<\/div>\n\t\t\t\t\t<\/div>\n\t\t<\/section>\n\t\t\t\t<section class=\"elementor-section elementor-top-section elementor-element elementor-element-9dfc036 elementor-section-boxed elementor-section-height-default elementor-section-height-default\" data-id=\"9dfc036\" data-element_type=\"section\" data-e-type=\"section\">\n\t\t\t\t\t\t<div class=\"elementor-container elementor-column-gap-default\">\n\t\t\t\t\t<div class=\"elementor-column elementor-col-100 elementor-top-column elementor-element elementor-element-3a55ca7\" data-id=\"3a55ca7\" data-element_type=\"column\" data-e-type=\"column\">\n\t\t\t<div class=\"elementor-widget-wrap elementor-element-populated\">\n\t\t\t\t\t\t<div class=\"elementor-element elementor-element-03fd554 elementor-widget elementor-widget-heading\" data-id=\"03fd554\" data-element_type=\"widget\" data-e-type=\"widget\" data-widget_type=\"heading.default\">\n\t\t\t\t<div class=\"elementor-widget-container\">\n\t\t\t\t\t<h2 class=\"elementor-heading-title elementor-size-medium\">La prevenci\u00f3, el millor tractament<\/h2>\t\t\t\t<\/div>\n\t\t\t\t<\/div>\n\t\t\t\t<section class=\"elementor-section elementor-inner-section elementor-element elementor-element-30ce8e1 elementor-section-boxed elementor-section-height-default elementor-section-height-default\" data-id=\"30ce8e1\" data-element_type=\"section\" data-e-type=\"section\">\n\t\t\t\t\t\t<div class=\"elementor-container elementor-column-gap-default\">\n\t\t\t\t\t<div class=\"elementor-column elementor-col-100 elementor-inner-column elementor-element elementor-element-7d0be29\" data-id=\"7d0be29\" data-element_type=\"column\" data-e-type=\"column\">\n\t\t\t<div class=\"elementor-widget-wrap elementor-element-populated\">\n\t\t\t\t\t\t<div class=\"elementor-element elementor-element-e0ca075 elementor-widget elementor-widget-text-editor\" data-id=\"e0ca075\" data-element_type=\"widget\" data-e-type=\"widget\" data-widget_type=\"text-editor.default\">\n\t\t\t\t<div class=\"elementor-widget-container\">\n\t\t\t\t\t\t\t\t\t<p>Tot i haver aconseguit un tractament efectiu per aquesta infecci\u00f3, segueixen existint altres infeccions oculars, tamb\u00e9 relacionades amb l&#8217;\u00fas de les lents de contacte, que no tenen disponible un tractament comercial. Aquest \u00e9s el cas de les <strong>infeccions per fongs<\/strong> (filamentosos o llevats) que tamb\u00e9 requereixen preparacions artesanals de col\u00b7liris per part dels farmac\u00e8utics hospitalaris, factor que alenteix el tractament i eleva els costos. <\/p>\n\t\t\t\t\t\t\t\t<\/div>\n\t\t\t\t<\/div>\n\t\t\t\t\t<\/div>\n\t\t<\/div>\n\t\t\t\t\t<\/div>\n\t\t<\/section>\n\t\t\t\t<section class=\"elementor-section elementor-inner-section elementor-element elementor-element-553089d elementor-section-boxed elementor-section-height-default elementor-section-height-default\" data-id=\"553089d\" data-element_type=\"section\" data-e-type=\"section\">\n\t\t\t\t\t\t<div class=\"elementor-container elementor-column-gap-default\">\n\t\t\t\t\t<div class=\"elementor-column elementor-col-100 elementor-inner-column elementor-element elementor-element-13180d7\" data-id=\"13180d7\" data-element_type=\"column\" data-e-type=\"column\">\n\t\t\t<div class=\"elementor-widget-wrap elementor-element-populated\">\n\t\t\t\t\t\t<div class=\"elementor-element elementor-element-d115572 elementor-widget elementor-widget-text-editor\" data-id=\"d115572\" data-element_type=\"widget\" data-e-type=\"widget\" data-widget_type=\"text-editor.default\">\n\t\t\t\t<div class=\"elementor-widget-container\">\n\t\t\t\t\t\t\t\t\t<p>Com passa sovint, <strong>el millor tractament \u00e9s la prevenci\u00f3:<\/strong> com? Evitant una mala higiene de les lents de contacte. Banyar-se o dutxar-se amb les lents posades, dormir-hi o guardar-les amb aigua en lloc del l\u00edquid especial per a lents s\u00f3n conductes que poden augmentar el risc de tenir una infecci\u00f3 corneal amb conseq\u00fc\u00e8ncies molt greus per a la visi\u00f3.  <\/p>\n\t\t\t\t\t\t\t\t<\/div>\n\t\t\t\t<\/div>\n\t\t\t\t\t<\/div>\n\t\t<\/div>\n\t\t\t\t\t<\/div>\n\t\t<\/section>\n\t\t\t\t\t<\/div>\n\t\t<\/div>\n\t\t\t\t\t<\/div>\n\t\t<\/section>\n\t\t\t\t<section class=\"elementor-section elementor-top-section elementor-element elementor-element-d8e6b9d elementor-section-boxed elementor-section-height-default elementor-section-height-default\" data-id=\"d8e6b9d\" data-element_type=\"section\" data-e-type=\"section\" data-settings=\"{&quot;background_background&quot;:&quot;classic&quot;}\">\n\t\t\t\t\t\t<div class=\"elementor-container elementor-column-gap-default\">\n\t\t\t\t\t<div class=\"elementor-column elementor-col-100 elementor-top-column elementor-element elementor-element-701644a\" data-id=\"701644a\" data-element_type=\"column\" data-e-type=\"column\">\n\t\t\t<div class=\"elementor-widget-wrap elementor-element-populated\">\n\t\t\t\t\t\t<div class=\"elementor-element elementor-element-4c6253c elementor-cta--skin-cover elementor-widget elementor-widget-call-to-action\" data-id=\"4c6253c\" data-element_type=\"widget\" data-e-type=\"widget\" data-settings=\"{&quot;_animation&quot;:&quot;none&quot;}\" data-widget_type=\"call-to-action.default\">\n\t\t\t\t<div class=\"elementor-widget-container\">\n\t\t\t\t\t\t\t<div class=\"elementor-cta\">\n\t\t\t\t\t<div class=\"elementor-cta__bg-wrapper\">\n\t\t\t\t<div class=\"elementor-cta__bg elementor-bg\" style=\"background-image: url();\" role=\"img\" aria-label=\"\"><\/div>\n\t\t\t\t<div class=\"elementor-cta__bg-overlay\"><\/div>\n\t\t\t<\/div>\n\t\t\t\t\t\t\t<div class=\"elementor-cta__content\">\n\t\t\t\t\n\t\t\t\t\t\t\t\t\t<h2 class=\"elementor-cta__title elementor-cta__content-item elementor-content-item\">\n\t\t\t\t\t\tVOLS M\u00c9S INFORMACI\u00d3 SOBRE LA QUERATITIS I LES INFECCIONS PRODU\u00cfDES PER LENTS DE CONTACTE O DESITGES CONTACTAR AMB EL DR. JOSEP TORRAS?\t\t\t\t\t<\/h2>\n\t\t\t\t\n\t\t\t\t\n\t\t\t\t\t\t\t\t\t<div class=\"elementor-cta__button-wrapper elementor-cta__content-item elementor-content-item \">\n\t\t\t\t\t<a class=\"elementor-cta__button elementor-button elementor-size-\" href=\"#elementor-action%3Aaction%3Dpopup%3Aopen%26settings%3DeyJpZCI6MTAwMjQsInRvZ2dsZSI6ZmFsc2V9\">\n\t\t\t\t\t\tDEMANA UNA CITA\t\t\t\t\t<\/a>\n\t\t\t\t\t<\/div>\n\t\t\t\t\t\t\t<\/div>\n\t\t\t\t\t\t<\/div>\n\t\t\t\t\t\t<\/div>\n\t\t\t\t<\/div>\n\t\t\t\t\t<\/div>\n\t\t<\/div>\n\t\t\t\t\t<\/div>\n\t\t<\/section>\n\t\t\t\t<\/div>\n\t\t","protected":false},"excerpt":{"rendered":"<p>Les lents de contacte tenen un perill, les infeccions, algunes de les quals poden ser greus. Josep Torras, el nostre especialista en c\u00f2rnia, ens parla d&#8217;un nou tractament per fer front a la queratitis per Acanthamoeba: un f\u00e0rmac anomenat Akantior. I \u00e9s que si aquesta patologia no es tracta a temps, pot causar fins i tot la p\u00e8rdua de visi\u00f3.  <\/p>\n","protected":false},"author":3,"featured_media":13472,"comment_status":"open","ping_status":"open","sticky":false,"template":"","format":"standard","meta":{"_acf_changed":false,"footnotes":""},"categories":[274],"tags":[275,278,279,276,277],"autores":[246],"tipo_de_blog":[46],"class_list":["post-13490","post","type-post","status-publish","format-standard","has-post-thumbnail","hentry","category-cornia","tag-cornia","tag-lentilles","tag-lents-de-contacte","tag-queratoplastia-endotelial-ca","tag-trasplantament-de-cornia","autores-dr-josep-torras","tipo_de_blog-visionblog","entry"],"acf":[],"yoast_head":"<!-- This site is optimized with the Yoast SEO plugin v27.4 - https:\/\/yoast.com\/product\/yoast-seo-wordpress\/ -->\n<title>Infeccions de les lents de contacte: aven\u00e7os per tractar-les<\/title>\n<meta name=\"description\" content=\"Hi ha infeccions greus causades per lents de contacte. Josep Torras, el nostre especialista en c\u00f2rnia, ens explica els aven\u00e7os per tractar-les.\" \/>\n<meta name=\"robots\" content=\"index, follow, max-snippet:-1, max-image-preview:large, max-video-preview:-1\" \/>\n<link rel=\"canonical\" href=\"https:\/\/www.vision-clinic.es\/ca\/infeccions-de-les-lents-de-contacte-avancos-per-tractar-les\/\" \/>\n<meta property=\"og:locale\" content=\"ca_ES\" \/>\n<meta property=\"og:type\" content=\"article\" \/>\n<meta property=\"og:title\" content=\"Infeccions de les lents de contacte: aven\u00e7os per tractar-les\" \/>\n<meta property=\"og:description\" content=\"Hi ha infeccions greus causades per lents de contacte. Josep Torras, el nostre especialista en c\u00f2rnia, ens explica els aven\u00e7os per tractar-les.\" \/>\n<meta property=\"og:url\" content=\"https:\/\/www.vision-clinic.es\/ca\/infeccions-de-les-lents-de-contacte-avancos-per-tractar-les\/\" \/>\n<meta property=\"og:site_name\" content=\"visi\u00f5ncl\u00ednic\" \/>\n<meta property=\"article:published_time\" content=\"2024-12-11T10:23:45+00:00\" \/>\n<meta property=\"article:modified_time\" content=\"2024-12-11T10:44:25+00:00\" \/>\n<meta property=\"og:image\" content=\"https:\/\/www.vision-clinic.es\/wp-content\/uploads\/2024\/12\/lentes.jpg\" \/>\n\t<meta property=\"og:image:width\" content=\"1920\" \/>\n\t<meta property=\"og:image:height\" content=\"1536\" \/>\n\t<meta property=\"og:image:type\" content=\"image\/jpeg\" \/>\n<meta name=\"author\" content=\"lai.amoros\" \/>\n<meta name=\"twitter:card\" content=\"summary_large_image\" \/>\n<meta name=\"twitter:label1\" content=\"Escrit per\" \/>\n\t<meta name=\"twitter:data1\" content=\"lai.amoros\" \/>\n\t<meta name=\"twitter:label2\" content=\"Temps estimat de lectura\" \/>\n\t<meta name=\"twitter:data2\" content=\"3 minuts\" \/>\n<script type=\"application\/ld+json\" class=\"yoast-schema-graph\">{\"@context\":\"https:\\\/\\\/schema.org\",\"@graph\":[{\"@type\":\"Article\",\"@id\":\"https:\\\/\\\/www.vision-clinic.es\\\/ca\\\/infeccions-de-les-lents-de-contacte-avancos-per-tractar-les\\\/#article\",\"isPartOf\":{\"@id\":\"https:\\\/\\\/www.vision-clinic.es\\\/ca\\\/infeccions-de-les-lents-de-contacte-avancos-per-tractar-les\\\/\"},\"author\":{\"name\":\"lai.amoros\",\"@id\":\"https:\\\/\\\/www.vision-clinic.es\\\/#\\\/schema\\\/person\\\/2eb955a187e138d5f5c87cca23469c77\"},\"headline\":\"Infeccions de les lents de contacte: avan\u00e7os per tractar-les\",\"datePublished\":\"2024-12-11T10:23:45+00:00\",\"dateModified\":\"2024-12-11T10:44:25+00:00\",\"mainEntityOfPage\":{\"@id\":\"https:\\\/\\\/www.vision-clinic.es\\\/ca\\\/infeccions-de-les-lents-de-contacte-avancos-per-tractar-les\\\/\"},\"wordCount\":605,\"commentCount\":0,\"publisher\":{\"@id\":\"https:\\\/\\\/www.vision-clinic.es\\\/#organization\"},\"image\":{\"@id\":\"https:\\\/\\\/www.vision-clinic.es\\\/ca\\\/infeccions-de-les-lents-de-contacte-avancos-per-tractar-les\\\/#primaryimage\"},\"thumbnailUrl\":\"https:\\\/\\\/www.vision-clinic.es\\\/wp-content\\\/uploads\\\/2024\\\/12\\\/lentes.jpg\",\"keywords\":[\"c\u00f2rnia\",\"lentilles\",\"lents de contacte\",\"queratoplastia endotelial\",\"trasplantament de c\u00f2rnia\"],\"articleSection\":[\"C\u00f2rnia\"],\"inLanguage\":\"ca\",\"potentialAction\":[{\"@type\":\"CommentAction\",\"name\":\"Comment\",\"target\":[\"https:\\\/\\\/www.vision-clinic.es\\\/ca\\\/infeccions-de-les-lents-de-contacte-avancos-per-tractar-les\\\/#respond\"]}]},{\"@type\":\"WebPage\",\"@id\":\"https:\\\/\\\/www.vision-clinic.es\\\/ca\\\/infeccions-de-les-lents-de-contacte-avancos-per-tractar-les\\\/\",\"url\":\"https:\\\/\\\/www.vision-clinic.es\\\/ca\\\/infeccions-de-les-lents-de-contacte-avancos-per-tractar-les\\\/\",\"name\":\"Infeccions de les lents de contacte: aven\u00e7os per tractar-les\",\"isPartOf\":{\"@id\":\"https:\\\/\\\/www.vision-clinic.es\\\/#website\"},\"primaryImageOfPage\":{\"@id\":\"https:\\\/\\\/www.vision-clinic.es\\\/ca\\\/infeccions-de-les-lents-de-contacte-avancos-per-tractar-les\\\/#primaryimage\"},\"image\":{\"@id\":\"https:\\\/\\\/www.vision-clinic.es\\\/ca\\\/infeccions-de-les-lents-de-contacte-avancos-per-tractar-les\\\/#primaryimage\"},\"thumbnailUrl\":\"https:\\\/\\\/www.vision-clinic.es\\\/wp-content\\\/uploads\\\/2024\\\/12\\\/lentes.jpg\",\"datePublished\":\"2024-12-11T10:23:45+00:00\",\"dateModified\":\"2024-12-11T10:44:25+00:00\",\"description\":\"Hi ha infeccions greus causades per lents de contacte. Josep Torras, el nostre especialista en c\u00f2rnia, ens explica els aven\u00e7os per tractar-les.\",\"breadcrumb\":{\"@id\":\"https:\\\/\\\/www.vision-clinic.es\\\/ca\\\/infeccions-de-les-lents-de-contacte-avancos-per-tractar-les\\\/#breadcrumb\"},\"inLanguage\":\"ca\",\"potentialAction\":[{\"@type\":\"ReadAction\",\"target\":[\"https:\\\/\\\/www.vision-clinic.es\\\/ca\\\/infeccions-de-les-lents-de-contacte-avancos-per-tractar-les\\\/\"]}]},{\"@type\":\"ImageObject\",\"inLanguage\":\"ca\",\"@id\":\"https:\\\/\\\/www.vision-clinic.es\\\/ca\\\/infeccions-de-les-lents-de-contacte-avancos-per-tractar-les\\\/#primaryimage\",\"url\":\"https:\\\/\\\/www.vision-clinic.es\\\/wp-content\\\/uploads\\\/2024\\\/12\\\/lentes.jpg\",\"contentUrl\":\"https:\\\/\\\/www.vision-clinic.es\\\/wp-content\\\/uploads\\\/2024\\\/12\\\/lentes.jpg\",\"width\":1920,\"height\":1536},{\"@type\":\"BreadcrumbList\",\"@id\":\"https:\\\/\\\/www.vision-clinic.es\\\/ca\\\/infeccions-de-les-lents-de-contacte-avancos-per-tractar-les\\\/#breadcrumb\",\"itemListElement\":[{\"@type\":\"ListItem\",\"position\":1,\"name\":\"Portada\",\"item\":\"https:\\\/\\\/www.vision-clinic.es\\\/\"},{\"@type\":\"ListItem\",\"position\":2,\"name\":\"Infeccions de les lents de contacte: avan\u00e7os per tractar-les\"}]},{\"@type\":\"WebSite\",\"@id\":\"https:\\\/\\\/www.vision-clinic.es\\\/#website\",\"url\":\"https:\\\/\\\/www.vision-clinic.es\\\/\",\"name\":\"visi\u00f5ncl\u00ednic\",\"description\":\"Cl\u00ednica oftalmol\u00f3gica de barnacl\u00ednic+ y Cl\u00ednicas Mi |\u00a0El val\u00f5r de ver bi\u00e9n\",\"publisher\":{\"@id\":\"https:\\\/\\\/www.vision-clinic.es\\\/#organization\"},\"potentialAction\":[{\"@type\":\"SearchAction\",\"target\":{\"@type\":\"EntryPoint\",\"urlTemplate\":\"https:\\\/\\\/www.vision-clinic.es\\\/?s={search_term_string}\"},\"query-input\":{\"@type\":\"PropertyValueSpecification\",\"valueRequired\":true,\"valueName\":\"search_term_string\"}}],\"inLanguage\":\"ca\"},{\"@type\":\"Organization\",\"@id\":\"https:\\\/\\\/www.vision-clinic.es\\\/#organization\",\"name\":\"visi\u00f5ncl\u00ednic\",\"url\":\"https:\\\/\\\/www.vision-clinic.es\\\/\",\"logo\":{\"@type\":\"ImageObject\",\"inLanguage\":\"ca\",\"@id\":\"https:\\\/\\\/www.vision-clinic.es\\\/#\\\/schema\\\/logo\\\/image\\\/\",\"url\":\"https:\\\/\\\/www.vision-clinic.es\\\/wp-content\\\/uploads\\\/2021\\\/10\\\/logo-web-visionclinic-cob.png\",\"contentUrl\":\"https:\\\/\\\/www.vision-clinic.es\\\/wp-content\\\/uploads\\\/2021\\\/10\\\/logo-web-visionclinic-cob.png\",\"width\":395,\"height\":100,\"caption\":\"visi\u00f5ncl\u00ednic\"},\"image\":{\"@id\":\"https:\\\/\\\/www.vision-clinic.es\\\/#\\\/schema\\\/logo\\\/image\\\/\"}},{\"@type\":\"Person\",\"@id\":\"https:\\\/\\\/www.vision-clinic.es\\\/#\\\/schema\\\/person\\\/2eb955a187e138d5f5c87cca23469c77\",\"name\":\"lai.amoros\",\"sameAs\":[\"http:\\\/\\\/antaviana\"],\"url\":\"https:\\\/\\\/www.vision-clinic.es\\\/ca\\\/author\\\/lai-amoros\\\/\"}]}<\/script>\n<!-- \/ Yoast SEO plugin. -->","yoast_head_json":{"title":"Infeccions de les lents de contacte: aven\u00e7os per tractar-les","description":"Hi ha infeccions greus causades per lents de contacte. Josep Torras, el nostre especialista en c\u00f2rnia, ens explica els aven\u00e7os per tractar-les.","robots":{"index":"index","follow":"follow","max-snippet":"max-snippet:-1","max-image-preview":"max-image-preview:large","max-video-preview":"max-video-preview:-1"},"canonical":"https:\/\/www.vision-clinic.es\/ca\/infeccions-de-les-lents-de-contacte-avancos-per-tractar-les\/","og_locale":"ca_ES","og_type":"article","og_title":"Infeccions de les lents de contacte: aven\u00e7os per tractar-les","og_description":"Hi ha infeccions greus causades per lents de contacte. Josep Torras, el nostre especialista en c\u00f2rnia, ens explica els aven\u00e7os per tractar-les.","og_url":"https:\/\/www.vision-clinic.es\/ca\/infeccions-de-les-lents-de-contacte-avancos-per-tractar-les\/","og_site_name":"visi\u00f5ncl\u00ednic","article_published_time":"2024-12-11T10:23:45+00:00","article_modified_time":"2024-12-11T10:44:25+00:00","og_image":[{"width":1920,"height":1536,"url":"https:\/\/www.vision-clinic.es\/wp-content\/uploads\/2024\/12\/lentes.jpg","type":"image\/jpeg"}],"author":"lai.amoros","twitter_card":"summary_large_image","twitter_misc":{"Escrit per":"lai.amoros","Temps estimat de lectura":"3 minuts"},"schema":{"@context":"https:\/\/schema.org","@graph":[{"@type":"Article","@id":"https:\/\/www.vision-clinic.es\/ca\/infeccions-de-les-lents-de-contacte-avancos-per-tractar-les\/#article","isPartOf":{"@id":"https:\/\/www.vision-clinic.es\/ca\/infeccions-de-les-lents-de-contacte-avancos-per-tractar-les\/"},"author":{"name":"lai.amoros","@id":"https:\/\/www.vision-clinic.es\/#\/schema\/person\/2eb955a187e138d5f5c87cca23469c77"},"headline":"Infeccions de les lents de contacte: avan\u00e7os per tractar-les","datePublished":"2024-12-11T10:23:45+00:00","dateModified":"2024-12-11T10:44:25+00:00","mainEntityOfPage":{"@id":"https:\/\/www.vision-clinic.es\/ca\/infeccions-de-les-lents-de-contacte-avancos-per-tractar-les\/"},"wordCount":605,"commentCount":0,"publisher":{"@id":"https:\/\/www.vision-clinic.es\/#organization"},"image":{"@id":"https:\/\/www.vision-clinic.es\/ca\/infeccions-de-les-lents-de-contacte-avancos-per-tractar-les\/#primaryimage"},"thumbnailUrl":"https:\/\/www.vision-clinic.es\/wp-content\/uploads\/2024\/12\/lentes.jpg","keywords":["c\u00f2rnia","lentilles","lents de contacte","queratoplastia endotelial","trasplantament de c\u00f2rnia"],"articleSection":["C\u00f2rnia"],"inLanguage":"ca","potentialAction":[{"@type":"CommentAction","name":"Comment","target":["https:\/\/www.vision-clinic.es\/ca\/infeccions-de-les-lents-de-contacte-avancos-per-tractar-les\/#respond"]}]},{"@type":"WebPage","@id":"https:\/\/www.vision-clinic.es\/ca\/infeccions-de-les-lents-de-contacte-avancos-per-tractar-les\/","url":"https:\/\/www.vision-clinic.es\/ca\/infeccions-de-les-lents-de-contacte-avancos-per-tractar-les\/","name":"Infeccions de les lents de contacte: aven\u00e7os per tractar-les","isPartOf":{"@id":"https:\/\/www.vision-clinic.es\/#website"},"primaryImageOfPage":{"@id":"https:\/\/www.vision-clinic.es\/ca\/infeccions-de-les-lents-de-contacte-avancos-per-tractar-les\/#primaryimage"},"image":{"@id":"https:\/\/www.vision-clinic.es\/ca\/infeccions-de-les-lents-de-contacte-avancos-per-tractar-les\/#primaryimage"},"thumbnailUrl":"https:\/\/www.vision-clinic.es\/wp-content\/uploads\/2024\/12\/lentes.jpg","datePublished":"2024-12-11T10:23:45+00:00","dateModified":"2024-12-11T10:44:25+00:00","description":"Hi ha infeccions greus causades per lents de contacte. Josep Torras, el nostre especialista en c\u00f2rnia, ens explica els aven\u00e7os per tractar-les.","breadcrumb":{"@id":"https:\/\/www.vision-clinic.es\/ca\/infeccions-de-les-lents-de-contacte-avancos-per-tractar-les\/#breadcrumb"},"inLanguage":"ca","potentialAction":[{"@type":"ReadAction","target":["https:\/\/www.vision-clinic.es\/ca\/infeccions-de-les-lents-de-contacte-avancos-per-tractar-les\/"]}]},{"@type":"ImageObject","inLanguage":"ca","@id":"https:\/\/www.vision-clinic.es\/ca\/infeccions-de-les-lents-de-contacte-avancos-per-tractar-les\/#primaryimage","url":"https:\/\/www.vision-clinic.es\/wp-content\/uploads\/2024\/12\/lentes.jpg","contentUrl":"https:\/\/www.vision-clinic.es\/wp-content\/uploads\/2024\/12\/lentes.jpg","width":1920,"height":1536},{"@type":"BreadcrumbList","@id":"https:\/\/www.vision-clinic.es\/ca\/infeccions-de-les-lents-de-contacte-avancos-per-tractar-les\/#breadcrumb","itemListElement":[{"@type":"ListItem","position":1,"name":"Portada","item":"https:\/\/www.vision-clinic.es\/"},{"@type":"ListItem","position":2,"name":"Infeccions de les lents de contacte: avan\u00e7os per tractar-les"}]},{"@type":"WebSite","@id":"https:\/\/www.vision-clinic.es\/#website","url":"https:\/\/www.vision-clinic.es\/","name":"visi\u00f5ncl\u00ednic","description":"Cl\u00ednica oftalmol\u00f3gica de barnacl\u00ednic+ y Cl\u00ednicas Mi |\u00a0El val\u00f5r de ver bi\u00e9n","publisher":{"@id":"https:\/\/www.vision-clinic.es\/#organization"},"potentialAction":[{"@type":"SearchAction","target":{"@type":"EntryPoint","urlTemplate":"https:\/\/www.vision-clinic.es\/?s={search_term_string}"},"query-input":{"@type":"PropertyValueSpecification","valueRequired":true,"valueName":"search_term_string"}}],"inLanguage":"ca"},{"@type":"Organization","@id":"https:\/\/www.vision-clinic.es\/#organization","name":"visi\u00f5ncl\u00ednic","url":"https:\/\/www.vision-clinic.es\/","logo":{"@type":"ImageObject","inLanguage":"ca","@id":"https:\/\/www.vision-clinic.es\/#\/schema\/logo\/image\/","url":"https:\/\/www.vision-clinic.es\/wp-content\/uploads\/2021\/10\/logo-web-visionclinic-cob.png","contentUrl":"https:\/\/www.vision-clinic.es\/wp-content\/uploads\/2021\/10\/logo-web-visionclinic-cob.png","width":395,"height":100,"caption":"visi\u00f5ncl\u00ednic"},"image":{"@id":"https:\/\/www.vision-clinic.es\/#\/schema\/logo\/image\/"}},{"@type":"Person","@id":"https:\/\/www.vision-clinic.es\/#\/schema\/person\/2eb955a187e138d5f5c87cca23469c77","name":"lai.amoros","sameAs":["http:\/\/antaviana"],"url":"https:\/\/www.vision-clinic.es\/ca\/author\/lai-amoros\/"}]}},"_links":{"self":[{"href":"https:\/\/www.vision-clinic.es\/ca\/wp-json\/wp\/v2\/posts\/13490","targetHints":{"allow":["GET"]}}],"collection":[{"href":"https:\/\/www.vision-clinic.es\/ca\/wp-json\/wp\/v2\/posts"}],"about":[{"href":"https:\/\/www.vision-clinic.es\/ca\/wp-json\/wp\/v2\/types\/post"}],"author":[{"embeddable":true,"href":"https:\/\/www.vision-clinic.es\/ca\/wp-json\/wp\/v2\/users\/3"}],"replies":[{"embeddable":true,"href":"https:\/\/www.vision-clinic.es\/ca\/wp-json\/wp\/v2\/comments?post=13490"}],"version-history":[{"count":2,"href":"https:\/\/www.vision-clinic.es\/ca\/wp-json\/wp\/v2\/posts\/13490\/revisions"}],"predecessor-version":[{"id":13502,"href":"https:\/\/www.vision-clinic.es\/ca\/wp-json\/wp\/v2\/posts\/13490\/revisions\/13502"}],"wp:featuredmedia":[{"embeddable":true,"href":"https:\/\/www.vision-clinic.es\/ca\/wp-json\/wp\/v2\/media\/13472"}],"wp:attachment":[{"href":"https:\/\/www.vision-clinic.es\/ca\/wp-json\/wp\/v2\/media?parent=13490"}],"wp:term":[{"taxonomy":"category","embeddable":true,"href":"https:\/\/www.vision-clinic.es\/ca\/wp-json\/wp\/v2\/categories?post=13490"},{"taxonomy":"post_tag","embeddable":true,"href":"https:\/\/www.vision-clinic.es\/ca\/wp-json\/wp\/v2\/tags?post=13490"},{"taxonomy":"autores","embeddable":true,"href":"https:\/\/www.vision-clinic.es\/ca\/wp-json\/wp\/v2\/autores?post=13490"},{"taxonomy":"tipo_de_blog","embeddable":true,"href":"https:\/\/www.vision-clinic.es\/ca\/wp-json\/wp\/v2\/tipo_de_blog?post=13490"}],"curies":[{"name":"wp","href":"https:\/\/api.w.org\/{rel}","templated":true}]}}