{"id":13724,"date":"2025-01-24T12:31:30","date_gmt":"2025-01-24T12:31:30","guid":{"rendered":"https:\/\/www.vision-clinic.es\/sindrome-de-lull-sec-quins-son-els-millors-tractaments\/"},"modified":"2025-01-24T12:32:54","modified_gmt":"2025-01-24T12:32:54","slug":"sindrome-de-lull-sec-quins-son-els-millors-tractaments","status":"publish","type":"post","link":"https:\/\/www.vision-clinic.es\/ca\/sindrome-de-lull-sec-quins-son-els-millors-tractaments\/","title":{"rendered":"S\u00edndrome de l&#8217;ull sec: quins s\u00f3n els millors tractaments?"},"content":{"rendered":"\t\t<div data-elementor-type=\"wp-post\" data-elementor-id=\"13724\" class=\"elementor elementor-13724 elementor-13505\" data-elementor-post-type=\"post\">\n\t\t\t\t\t\t<section class=\"elementor-section elementor-top-section elementor-element elementor-element-2e79c5e elementor-section-boxed elementor-section-height-default elementor-section-height-default\" data-id=\"2e79c5e\" data-element_type=\"section\" data-e-type=\"section\">\n\t\t\t\t\t\t<div class=\"elementor-container elementor-column-gap-default\">\n\t\t\t\t\t<div class=\"elementor-column elementor-col-100 elementor-top-column elementor-element elementor-element-130c974\" data-id=\"130c974\" data-element_type=\"column\" data-e-type=\"column\">\n\t\t\t<div class=\"elementor-widget-wrap elementor-element-populated\">\n\t\t\t\t\t\t<div class=\"elementor-element elementor-element-d6ff41f elementor-widget elementor-widget-text-editor\" data-id=\"d6ff41f\" data-element_type=\"widget\" data-e-type=\"widget\" data-widget_type=\"text-editor.default\">\n\t\t\t\t<div class=\"elementor-widget-container\">\n\t\t\t\t\t\t\t\t\t<p align=\"left\"><strong>L&#8217;ull sec \u00e9s una de les malalties oculars m\u00e9s freq\u00fcents. Encara que \u00e9s cr\u00f2nic, sortosament, tenim moltes alternatives terap\u00e8utiques per millorar la qualitat de vida del pacient i que els seus s\u00edmptomes desapareguin. <a href=\"https:\/\/www.vision-clinic.es\/ca\/qui-som\/\">Josep Torras<\/a>, <\/strong> <strong>el nostre oftalm\u00f2leg especialista en<\/strong><a href=\"https:\/\/www.vision-clinic.es\/ca\/cornia\/\" target=\"_blank\" rel=\"noopener\"><b> c\u00f2rnia<\/b><\/a><strong> i ull sec, ens detalla l&#8217;escala terap\u00e8utica disponible per aconseguir-ho.<\/strong><\/p>\n\t\t\t\t\t\t\t\t<\/div>\n\t\t\t\t<\/div>\n\t\t\t\t<div class=\"elementor-element elementor-element-462d84a elementor-widget elementor-widget-heading\" data-id=\"462d84a\" data-element_type=\"widget\" data-e-type=\"widget\" data-widget_type=\"heading.default\">\n\t\t\t\t<div class=\"elementor-widget-container\">\n\t\t\t\t\t<h2 class=\"elementor-heading-title elementor-size-medium\">L'ull sec l'ha de tractar un oftalm\u00f2leg<\/h2>\t\t\t\t<\/div>\n\t\t\t\t<\/div>\n\t\t\t\t<div class=\"elementor-element elementor-element-74b872a elementor-widget elementor-widget-text-editor\" data-id=\"74b872a\" data-element_type=\"widget\" data-e-type=\"widget\" data-widget_type=\"text-editor.default\">\n\t\t\t\t<div class=\"elementor-widget-container\">\n\t\t\t\t\t\t\t\t\t<p>La s\u00edndrome d&#8217;ull sec \u00e9s una malaltia molt comuna \u2013es calcula que al nostre pa\u00eds la pateixen 5 milions de persones\u2013 encara que en molts casos est\u00e0 infradiagnosticada. Els s\u00edmptomes solen ser molt molestos \u2013picor, sensaci\u00f3 de sorra als ulls, vista cansada, visi\u00f3 borrosa\u2026\u2013, cosa que ens porta a actuar r\u00e0pid i creure que recorrent a qualsevol ll\u00e0grima artificial el problema desapareixer\u00e0. <\/p>\n\t\t\t\t\t\t\t\t<\/div>\n\t\t\t\t<\/div>\n\t\t\t\t<div class=\"elementor-element elementor-element-0220fa0 elementor-widget elementor-widget-text-editor\" data-id=\"0220fa0\" data-element_type=\"widget\" data-e-type=\"widget\" data-widget_type=\"text-editor.default\">\n\t\t\t\t<div class=\"elementor-widget-container\">\n\t\t\t\t\t\t\t\t\t<p>Des de visi\u00f5nclinic recomanem que en cas de tenir els s\u00edmptomes caracter\u00edstics de l&#8217;ull sec \u00e9s important acudir a l&#8217;oftalm\u00f2leg i que sigui l&#8217;especialista en c\u00f2rnia el que diagnostiqui si es tracta d&#8217;aquesta malaltia. &#8220;Nom\u00e9s sabent exactament quin tipus d&#8217;ull sec \u00e9s i quins factors provoquen la simptomatologia podrem trobar el millor tractament&#8221;.  <\/p>\n\t\t\t\t\t\t\t\t<\/div>\n\t\t\t\t<\/div>\n\t\t\t\t\t<\/div>\n\t\t<\/div>\n\t\t\t\t\t<\/div>\n\t\t<\/section>\n\t\t\t\t<section class=\"elementor-section elementor-inner-section elementor-element elementor-element-f94dad9 elementor-section-content-middle elementor-section-boxed elementor-section-height-default elementor-section-height-default\" data-id=\"f94dad9\" data-element_type=\"section\" data-e-type=\"section\">\n\t\t\t\t\t\t<div class=\"elementor-container elementor-column-gap-custom\">\n\t\t\t\t\t<div class=\"elementor-column elementor-col-50 elementor-inner-column elementor-element elementor-element-68b8a42\" data-id=\"68b8a42\" data-element_type=\"column\" data-e-type=\"column\">\n\t\t\t<div class=\"elementor-widget-wrap elementor-element-populated\">\n\t\t\t\t\t\t<div class=\"elementor-element elementor-element-85051a2 elementor-widget elementor-widget-image\" data-id=\"85051a2\" data-element_type=\"widget\" data-e-type=\"widget\" data-widget_type=\"image.default\">\n\t\t\t\t<div class=\"elementor-widget-container\">\n\t\t\t\t\t\t\t\t\t\t\t\t\t\t\t<img decoding=\"async\" width=\"200\" height=\"202\" src=\"https:\/\/www.vision-clinic.es\/wp-content\/uploads\/2022\/02\/Josep-Torras-e1710861695479.png\" class=\"attachment-medium_large size-medium_large wp-image-9993\" alt=\"\" style=\"width:100%;height:101%;max-width:200px\" \/>\t\t\t\t\t\t\t\t\t\t\t\t\t\t\t<\/div>\n\t\t\t\t<\/div>\n\t\t\t\t<div class=\"elementor-element elementor-element-305a75b elementor-widget elementor-widget-text-editor\" data-id=\"305a75b\" data-element_type=\"widget\" data-e-type=\"widget\" data-widget_type=\"text-editor.default\">\n\t\t\t\t<div class=\"elementor-widget-container\">\n\t\t\t\t\t\t\t\t\t<p style=\"text-align: center;\">Dr. Josep Torras<\/p>\n\t\t\t\t\t\t\t\t<\/div>\n\t\t\t\t<\/div>\n\t\t\t\t\t<\/div>\n\t\t<\/div>\n\t\t\t\t<div class=\"elementor-column elementor-col-50 elementor-inner-column elementor-element elementor-element-58ed91d\" data-id=\"58ed91d\" data-element_type=\"column\" data-e-type=\"column\">\n\t\t\t<div class=\"elementor-widget-wrap elementor-element-populated\">\n\t\t\t\t\t\t<div class=\"elementor-element elementor-element-1b1d30e elementor-widget elementor-widget-heading\" data-id=\"1b1d30e\" data-element_type=\"widget\" data-e-type=\"widget\" data-widget_type=\"heading.default\">\n\t\t\t\t<div class=\"elementor-widget-container\">\n\t\t\t\t\t<h4 class=\"elementor-heading-title elementor-size-medium\">\"En cas de notar picor als ulls, sequedat, sensaci\u00f3 de sorra o vista cansada, hem d'acudir a l'oftalm\u00f2leg: nosaltres som els que sabem com diagnosticar-lo i quin \u00e9s el millor tractament per a cada cas\"<\/h4>\t\t\t\t<\/div>\n\t\t\t\t<\/div>\n\t\t\t\t\t<\/div>\n\t\t<\/div>\n\t\t\t\t\t<\/div>\n\t\t<\/section>\n\t\t\t\t<section class=\"elementor-section elementor-top-section elementor-element elementor-element-1c689e6 elementor-section-boxed elementor-section-height-default elementor-section-height-default\" data-id=\"1c689e6\" data-element_type=\"section\" data-e-type=\"section\">\n\t\t\t\t\t\t<div class=\"elementor-container elementor-column-gap-default\">\n\t\t\t\t\t<div class=\"elementor-column elementor-col-100 elementor-top-column elementor-element elementor-element-0d84e7a\" data-id=\"0d84e7a\" data-element_type=\"column\" data-e-type=\"column\">\n\t\t\t<div class=\"elementor-widget-wrap elementor-element-populated\">\n\t\t\t\t\t\t<div class=\"elementor-element elementor-element-6d8bacf elementor-widget-divider--view-line elementor-widget elementor-widget-divider\" data-id=\"6d8bacf\" data-element_type=\"widget\" data-e-type=\"widget\" data-widget_type=\"divider.default\">\n\t\t\t\t<div class=\"elementor-widget-container\">\n\t\t\t\t\t\t\t<div class=\"elementor-divider\">\n\t\t\t<span class=\"elementor-divider-separator\">\n\t\t\t\t\t\t<\/span>\n\t\t<\/div>\n\t\t\t\t\t\t<\/div>\n\t\t\t\t<\/div>\n\t\t\t\t\t<\/div>\n\t\t<\/div>\n\t\t\t\t\t<\/div>\n\t\t<\/section>\n\t\t\t\t<section class=\"elementor-section elementor-top-section elementor-element elementor-element-a0b5684 elementor-section-boxed elementor-section-height-default elementor-section-height-default\" data-id=\"a0b5684\" data-element_type=\"section\" data-e-type=\"section\">\n\t\t\t\t\t\t<div class=\"elementor-container elementor-column-gap-default\">\n\t\t\t\t\t<div class=\"elementor-column elementor-col-100 elementor-top-column elementor-element elementor-element-04bb89e\" data-id=\"04bb89e\" data-element_type=\"column\" data-e-type=\"column\">\n\t\t\t<div class=\"elementor-widget-wrap elementor-element-populated\">\n\t\t\t\t\t\t<div class=\"elementor-element elementor-element-3be8a86 elementor-widget elementor-widget-video\" data-id=\"3be8a86\" data-element_type=\"widget\" data-e-type=\"widget\" data-settings=\"{&quot;youtube_url&quot;:&quot;https:\\\/\\\/www.youtube.com\\\/watch?v=cBdmgFlK4sg&quot;,&quot;video_type&quot;:&quot;youtube&quot;,&quot;controls&quot;:&quot;yes&quot;}\" data-widget_type=\"video.default\">\n\t\t\t\t<div class=\"elementor-widget-container\">\n\t\t\t\t\t\t\t<div class=\"elementor-wrapper elementor-open-inline\">\n\t\t\t<div class=\"elementor-video\"><\/div>\t\t<\/div>\n\t\t\t\t\t\t<\/div>\n\t\t\t\t<\/div>\n\t\t\t\t\t<\/div>\n\t\t<\/div>\n\t\t\t\t\t<\/div>\n\t\t<\/section>\n\t\t\t\t<section class=\"elementor-section elementor-top-section elementor-element elementor-element-140ca56 elementor-section-boxed elementor-section-height-default elementor-section-height-default\" data-id=\"140ca56\" data-element_type=\"section\" data-e-type=\"section\">\n\t\t\t\t\t\t<div class=\"elementor-container elementor-column-gap-default\">\n\t\t\t\t\t<div class=\"elementor-column elementor-col-100 elementor-top-column elementor-element elementor-element-3c5755b\" data-id=\"3c5755b\" data-element_type=\"column\" data-e-type=\"column\">\n\t\t\t<div class=\"elementor-widget-wrap elementor-element-populated\">\n\t\t\t\t\t\t<div class=\"elementor-element elementor-element-fa81ca3 elementor-widget elementor-widget-heading\" data-id=\"fa81ca3\" data-element_type=\"widget\" data-e-type=\"widget\" data-widget_type=\"heading.default\">\n\t\t\t\t<div class=\"elementor-widget-container\">\n\t\t\t\t\t<h2 class=\"elementor-heading-title elementor-size-medium\">Com podem tractar els ulls secs?<\/h2>\t\t\t\t<\/div>\n\t\t\t\t<\/div>\n\t\t\t\t<section class=\"elementor-section elementor-inner-section elementor-element elementor-element-12019d9 elementor-section-boxed elementor-section-height-default elementor-section-height-default\" data-id=\"12019d9\" data-element_type=\"section\" data-e-type=\"section\">\n\t\t\t\t\t\t<div class=\"elementor-container elementor-column-gap-default\">\n\t\t\t\t\t<div class=\"elementor-column elementor-col-100 elementor-inner-column elementor-element elementor-element-ef501de\" data-id=\"ef501de\" data-element_type=\"column\" data-e-type=\"column\">\n\t\t\t<div class=\"elementor-widget-wrap elementor-element-populated\">\n\t\t\t\t\t\t<div class=\"elementor-element elementor-element-c5971a7 elementor-widget elementor-widget-text-editor\" data-id=\"c5971a7\" data-element_type=\"widget\" data-e-type=\"widget\" data-widget_type=\"text-editor.default\">\n\t\t\t\t<div class=\"elementor-widget-container\">\n\t\t\t\t\t\t\t\t\t<p><strong>PRIMER NIVELL: MILLORAR L&#8217;ESTIL DE VIDA I SEGUIR MESURES CONCRETES<\/strong><\/p>\n<p>Quines? Evitar el fum del tabac, la calefacci\u00f3 o l&#8217;aire condicionat alts, protegir-se del vent, evitar les ventoleres obertes al cotxe, recordar parpellejar sovint quan s&#8217;estigui llegint o treballant amb l&#8217;ordinador, lubricar-se els ulls als avions, controlar les medicacions sist\u00e8miques (antidepressius, ansiol\u00edtics, antihistam\u00ednics, betabloquejants, di\u00fcr\u00e8tics, anticonceptius, antiestr\u00f2gens, etc), seguir una alimentaci\u00f3 adequada i beure abundant aigua. <\/p>\n\t\t\t\t\t\t\t\t<\/div>\n\t\t\t\t<\/div>\n\t\t\t\t\t<\/div>\n\t\t<\/div>\n\t\t\t\t\t<\/div>\n\t\t<\/section>\n\t\t\t\t<section class=\"elementor-section elementor-inner-section elementor-element elementor-element-64d1c6b elementor-section-boxed elementor-section-height-default elementor-section-height-default\" data-id=\"64d1c6b\" data-element_type=\"section\" data-e-type=\"section\">\n\t\t\t\t\t\t<div class=\"elementor-container elementor-column-gap-default\">\n\t\t\t\t\t<div class=\"elementor-column elementor-col-100 elementor-inner-column elementor-element elementor-element-35e3012\" data-id=\"35e3012\" data-element_type=\"column\" data-e-type=\"column\">\n\t\t\t<div class=\"elementor-widget-wrap elementor-element-populated\">\n\t\t\t\t\t\t<div class=\"elementor-element elementor-element-a30c21e elementor-widget elementor-widget-text-editor\" data-id=\"a30c21e\" data-element_type=\"widget\" data-e-type=\"widget\" data-widget_type=\"text-editor.default\">\n\t\t\t\t<div class=\"elementor-widget-container\">\n\t\t\t\t\t\t\t\t\t<p><strong>SEGON NIVELL: USAR LL\u00c0GRIMES ARTIFICIALS<\/strong><\/p>\n<p>Es basa en administrar substitutius llagrimals, \u00e9s a dir, gotes en forma de col\u00b7liris que aporten aigua i tamb\u00e9 components com l&#8217;\u00e0cid hialur\u00f2nic, que permet incrementar el volum i perman\u00e8ncia de la ll\u00e0grima. D\u2019aquesta manera, es recupera l&#8217;epiteli de la conjuntiva i de la c\u00f2rnia que ha estat estressat i alterat per la sequedat. Si \u00e9s possible, els col\u00b7liris han de ser sense conservants. <\/p>\n\t\t\t\t\t\t\t\t<\/div>\n\t\t\t\t<\/div>\n\t\t\t\t\t<\/div>\n\t\t<\/div>\n\t\t\t\t\t<\/div>\n\t\t<\/section>\n\t\t\t\t<section class=\"elementor-section elementor-inner-section elementor-element elementor-element-366643c elementor-section-boxed elementor-section-height-default elementor-section-height-default\" data-id=\"366643c\" data-element_type=\"section\" data-e-type=\"section\">\n\t\t\t\t\t\t<div class=\"elementor-container elementor-column-gap-default\">\n\t\t\t\t\t<div class=\"elementor-column elementor-col-100 elementor-inner-column elementor-element elementor-element-28e832e\" data-id=\"28e832e\" data-element_type=\"column\" data-e-type=\"column\">\n\t\t\t<div class=\"elementor-widget-wrap elementor-element-populated\">\n\t\t\t\t\t\t<div class=\"elementor-element elementor-element-0e261e2 elementor-widget elementor-widget-text-editor\" data-id=\"0e261e2\" data-element_type=\"widget\" data-e-type=\"widget\" data-widget_type=\"text-editor.default\">\n\t\t\t\t<div class=\"elementor-widget-container\">\n\t\t\t\t\t\t\t\t\t<p>Tamb\u00e9 es poden fer servir antiinflamatoris t\u00f2pics (esteroides, ciclosporina o altres), ja que sabem que l&#8217;ull sec s&#8217;associa a un grau d&#8217;inflamaci\u00f3 dels teixits de la conjuntiva i de la c\u00f2rnia.<\/p>\n\t\t\t\t\t\t\t\t<\/div>\n\t\t\t\t<\/div>\n\t\t\t\t<div class=\"elementor-element elementor-element-069ebe6 elementor-widget elementor-widget-text-editor\" data-id=\"069ebe6\" data-element_type=\"widget\" data-e-type=\"widget\" data-widget_type=\"text-editor.default\">\n\t\t\t\t<div class=\"elementor-widget-container\">\n\t\t\t\t\t\t\t\t\t<p><strong>TERCER NIVELL:<\/strong> <strong>COL\u00b7LIRIS DERIVATS DEL PLASMA SANGUINI<\/strong><\/p>\n<p>Es pot rec\u00f3rrer a un col\u00b7liri de s\u00e8rum aut\u00f2leg, o b\u00e9 factors de creixement derivats de les plaquetes a partir del plasma de la sang del propi pacient (Plasma Rico a Plaquetes o PRP). Gr\u00e0cies als factors de creixement i antiinflamatoris que contenen aquests col\u00b7liris, s\u00f3n beneficiosos per a la reparaci\u00f3 de la c\u00f2rnia i la conjuntiva danyades per l&#8217;ull sec. <\/p>\n\t\t\t\t\t\t\t\t<\/div>\n\t\t\t\t<\/div>\n\t\t\t\t<div class=\"elementor-element elementor-element-413cf7a elementor-widget elementor-widget-text-editor\" data-id=\"413cf7a\" data-element_type=\"widget\" data-e-type=\"widget\" data-widget_type=\"text-editor.default\">\n\t\t\t\t<div class=\"elementor-widget-container\">\n\t\t\t\t\t\t\t\t\t<p><strong>QUART NIVELL:<\/strong> <strong>TER\u00c0PIES AVAN\u00c7ADES<\/strong><\/p>\n<p>Inclou des de l&#8217;oclusi\u00f3 temporal de punts llagrimals, al trasplantament de membrana amni\u00f2tica, l&#8217;\u00fas de lents de contacte terap\u00e8utiques toves o esclerals (PROSE).<\/p>\n\t\t\t\t\t\t\t\t<\/div>\n\t\t\t\t<\/div>\n\t\t\t\t\t<\/div>\n\t\t<\/div>\n\t\t\t\t\t<\/div>\n\t\t<\/section>\n\t\t\t\t\t<\/div>\n\t\t<\/div>\n\t\t\t\t\t<\/div>\n\t\t<\/section>\n\t\t\t\t<section class=\"elementor-section elementor-inner-section elementor-element elementor-element-9d626c1 elementor-section-content-middle elementor-section-boxed elementor-section-height-default elementor-section-height-default\" data-id=\"9d626c1\" data-element_type=\"section\" data-e-type=\"section\">\n\t\t\t\t\t\t<div class=\"elementor-container elementor-column-gap-custom\">\n\t\t\t\t\t<div class=\"elementor-column elementor-col-50 elementor-inner-column elementor-element elementor-element-514646e\" data-id=\"514646e\" data-element_type=\"column\" data-e-type=\"column\">\n\t\t\t<div class=\"elementor-widget-wrap elementor-element-populated\">\n\t\t\t\t\t\t<div class=\"elementor-element elementor-element-d1f7e23 elementor-widget elementor-widget-image\" data-id=\"d1f7e23\" data-element_type=\"widget\" data-e-type=\"widget\" data-widget_type=\"image.default\">\n\t\t\t\t<div class=\"elementor-widget-container\">\n\t\t\t\t\t\t\t\t\t\t\t\t\t\t\t<img decoding=\"async\" width=\"200\" height=\"202\" src=\"https:\/\/www.vision-clinic.es\/wp-content\/uploads\/2022\/02\/Josep-Torras-e1710861695479.png\" class=\"attachment-medium_large size-medium_large wp-image-9993\" alt=\"\" style=\"width:100%;height:101%;max-width:200px\" \/>\t\t\t\t\t\t\t\t\t\t\t\t\t\t\t<\/div>\n\t\t\t\t<\/div>\n\t\t\t\t<div class=\"elementor-element elementor-element-cb2d849 elementor-widget elementor-widget-text-editor\" data-id=\"cb2d849\" data-element_type=\"widget\" data-e-type=\"widget\" data-widget_type=\"text-editor.default\">\n\t\t\t\t<div class=\"elementor-widget-container\">\n\t\t\t\t\t\t\t\t\t<p style=\"text-align: center;\">Dr. Josep Torras<\/p>\n\t\t\t\t\t\t\t\t<\/div>\n\t\t\t\t<\/div>\n\t\t\t\t\t<\/div>\n\t\t<\/div>\n\t\t\t\t<div class=\"elementor-column elementor-col-50 elementor-inner-column elementor-element elementor-element-b05de95\" data-id=\"b05de95\" data-element_type=\"column\" data-e-type=\"column\">\n\t\t\t<div class=\"elementor-widget-wrap elementor-element-populated\">\n\t\t\t\t\t\t<div class=\"elementor-element elementor-element-45745a7 elementor-widget elementor-widget-heading\" data-id=\"45745a7\" data-element_type=\"widget\" data-e-type=\"widget\" data-widget_type=\"heading.default\">\n\t\t\t\t<div class=\"elementor-widget-container\">\n\t\t\t\t\t<h4 class=\"elementor-heading-title elementor-size-medium\">\"S'ha demostrat que els factors de creixement presents al plasma ric en plaquetes del propi pacient poden ser beneficiosos per tractar l'ull sec mitjan\u00e7ant col\u00b7liris que els continguin.\"<\/h4>\t\t\t\t<\/div>\n\t\t\t\t<\/div>\n\t\t\t\t\t<\/div>\n\t\t<\/div>\n\t\t\t\t\t<\/div>\n\t\t<\/section>\n\t\t\t\t<section class=\"elementor-section elementor-top-section elementor-element elementor-element-f3ac5c8 elementor-section-boxed elementor-section-height-default elementor-section-height-default\" data-id=\"f3ac5c8\" data-element_type=\"section\" data-e-type=\"section\">\n\t\t\t\t\t\t<div class=\"elementor-container elementor-column-gap-default\">\n\t\t\t\t\t<div class=\"elementor-column elementor-col-100 elementor-top-column elementor-element elementor-element-9020444\" data-id=\"9020444\" data-element_type=\"column\" data-e-type=\"column\">\n\t\t\t<div class=\"elementor-widget-wrap elementor-element-populated\">\n\t\t\t\t\t\t<div class=\"elementor-element elementor-element-d4b4168 elementor-widget-divider--view-line elementor-widget elementor-widget-divider\" data-id=\"d4b4168\" data-element_type=\"widget\" data-e-type=\"widget\" data-widget_type=\"divider.default\">\n\t\t\t\t<div class=\"elementor-widget-container\">\n\t\t\t\t\t\t\t<div class=\"elementor-divider\">\n\t\t\t<span class=\"elementor-divider-separator\">\n\t\t\t\t\t\t<\/span>\n\t\t<\/div>\n\t\t\t\t\t\t<\/div>\n\t\t\t\t<\/div>\n\t\t\t\t\t<\/div>\n\t\t<\/div>\n\t\t\t\t\t<\/div>\n\t\t<\/section>\n\t\t\t\t<section class=\"elementor-section elementor-top-section elementor-element elementor-element-d8e6b9d elementor-section-boxed elementor-section-height-default elementor-section-height-default\" data-id=\"d8e6b9d\" data-element_type=\"section\" data-e-type=\"section\" data-settings=\"{&quot;background_background&quot;:&quot;classic&quot;}\">\n\t\t\t\t\t\t<div class=\"elementor-container elementor-column-gap-default\">\n\t\t\t\t\t<div class=\"elementor-column elementor-col-100 elementor-top-column elementor-element elementor-element-701644a\" data-id=\"701644a\" data-element_type=\"column\" data-e-type=\"column\">\n\t\t\t<div class=\"elementor-widget-wrap elementor-element-populated\">\n\t\t\t\t\t\t<div class=\"elementor-element elementor-element-4c6253c elementor-cta--skin-cover elementor-widget elementor-widget-call-to-action\" data-id=\"4c6253c\" data-element_type=\"widget\" data-e-type=\"widget\" data-settings=\"{&quot;_animation&quot;:&quot;none&quot;}\" data-widget_type=\"call-to-action.default\">\n\t\t\t\t<div class=\"elementor-widget-container\">\n\t\t\t\t\t\t\t<div class=\"elementor-cta\">\n\t\t\t\t\t<div class=\"elementor-cta__bg-wrapper\">\n\t\t\t\t<div class=\"elementor-cta__bg elementor-bg\" style=\"background-image: url();\" role=\"img\" aria-label=\"\"><\/div>\n\t\t\t\t<div class=\"elementor-cta__bg-overlay\"><\/div>\n\t\t\t<\/div>\n\t\t\t\t\t\t\t<div class=\"elementor-cta__content\">\n\t\t\t\t\n\t\t\t\t\t\t\t\t\t<h2 class=\"elementor-cta__title elementor-cta__content-item elementor-content-item\">\n\t\t\t\t\t\tVOLS M\u00c9S INFORMACI\u00d3 SOBRE LA S\u00cdNDROME DE L'ULL SEC O DESITGES CONTACTAR AMB EL DR. JOSEP TORRAS?\t\t\t\t\t<\/h2>\n\t\t\t\t\n\t\t\t\t\n\t\t\t\t\t\t\t\t\t<div class=\"elementor-cta__button-wrapper elementor-cta__content-item elementor-content-item \">\n\t\t\t\t\t<a class=\"elementor-cta__button elementor-button elementor-size-\" href=\"#elementor-action%3Aaction%3Dpopup%3Aopen%26settings%3DeyJpZCI6MTAwMjQsInRvZ2dsZSI6ZmFsc2V9\">\n\t\t\t\t\t\tDEMANA UNA CITA\t\t\t\t\t<\/a>\n\t\t\t\t\t<\/div>\n\t\t\t\t\t\t\t<\/div>\n\t\t\t\t\t\t<\/div>\n\t\t\t\t\t\t<\/div>\n\t\t\t\t<\/div>\n\t\t\t\t\t<\/div>\n\t\t<\/div>\n\t\t\t\t\t<\/div>\n\t\t<\/section>\n\t\t\t\t<\/div>\n\t\t","protected":false},"excerpt":{"rendered":"<p>L&#8217;ull sec \u00e9s una de les malalties oculars m\u00e9s freq\u00fcents. Encara que \u00e9s cr\u00f2nic, sortosament, tenim moltes alternatives terap\u00e8utiques per millorar la qualitat de vida del pacient i que els seus s\u00edmptomes desapareguin. Josep Torras, el nostre oftalm\u00f2leg especialista en c\u00f2rnia i ull sec, ens detalla l&#8217;escala terap\u00e8utica disponible per aconseguir-ho.  <\/p>\n","protected":false},"author":3,"featured_media":13508,"comment_status":"closed","ping_status":"closed","sticky":false,"template":"","format":"standard","meta":{"_acf_changed":false,"footnotes":""},"categories":[274],"tags":[288,275,278,279,289,287,290,286],"autores":[246],"tipo_de_blog":[46],"class_list":["post-13724","post","type-post","status-publish","format-standard","has-post-thumbnail","hentry","category-cornia","tag-colliris","tag-cornia","tag-lentilles","tag-lents-de-contacte","tag-llagrimes-artificials","tag-sindrome-de-lull-sec","tag-sindrome-de-sjogren-ca","tag-ull-sec","autores-dr-josep-torras","tipo_de_blog-visionblog","entry"],"acf":[],"yoast_head":"<!-- This site is optimized with the Yoast SEO plugin v27.4 - https:\/\/yoast.com\/product\/yoast-seo-wordpress\/ -->\n<title>S\u00edndrome de lull sec: quins s\u00f3n els millors tractaments?<\/title>\n<meta name=\"description\" content=\"L&#039;elecci\u00f3 del tractament de l&#039;ull sec dep\u00e8n del grau de severitat i sempre s&#039;ha de fer sota la supervisi\u00f3 de l&#039;oftalm\u00f2leg.\" \/>\n<meta name=\"robots\" content=\"index, follow, max-snippet:-1, max-image-preview:large, max-video-preview:-1\" \/>\n<link rel=\"canonical\" href=\"https:\/\/www.vision-clinic.es\/sindrome-del-ojo-seco-cuales-son-los-mejores-tratamientos\/\" \/>\n<meta property=\"og:locale\" content=\"ca_ES\" \/>\n<meta property=\"og:type\" content=\"article\" \/>\n<meta property=\"og:title\" content=\"S\u00edndrome de lull sec: quins s\u00f3n els millors tractaments?\" \/>\n<meta property=\"og:description\" content=\"L&#039;elecci\u00f3 del tractament de l&#039;ull sec dep\u00e8n del grau de severitat i sempre s&#039;ha de fer sota la supervisi\u00f3 de l&#039;oftalm\u00f2leg.\" \/>\n<meta property=\"og:url\" content=\"https:\/\/www.vision-clinic.es\/sindrome-del-ojo-seco-cuales-son-los-mejores-tratamientos\/\" \/>\n<meta property=\"og:site_name\" content=\"visi\u00f5ncl\u00ednic\" \/>\n<meta property=\"article:published_time\" content=\"2025-01-24T12:31:30+00:00\" \/>\n<meta property=\"article:modified_time\" content=\"2025-01-24T12:32:54+00:00\" \/>\n<meta property=\"og:image\" content=\"https:\/\/www.vision-clinic.es\/wp-content\/uploads\/2025\/01\/IMG_5745.jpg\" \/>\n\t<meta property=\"og:image:width\" content=\"1920\" \/>\n\t<meta property=\"og:image:height\" content=\"1536\" \/>\n\t<meta property=\"og:image:type\" content=\"image\/jpeg\" \/>\n<meta name=\"author\" content=\"lai.amoros\" \/>\n<meta name=\"twitter:card\" content=\"summary_large_image\" \/>\n<meta name=\"twitter:label1\" content=\"Escrit per\" \/>\n\t<meta name=\"twitter:data1\" content=\"lai.amoros\" \/>\n\t<meta name=\"twitter:label2\" content=\"Temps estimat de lectura\" \/>\n\t<meta name=\"twitter:data2\" content=\"3 minuts\" \/>\n<script type=\"application\/ld+json\" class=\"yoast-schema-graph\">{\"@context\":\"https:\\\/\\\/schema.org\",\"@graph\":[{\"@type\":\"Article\",\"@id\":\"https:\\\/\\\/www.vision-clinic.es\\\/sindrome-del-ojo-seco-cuales-son-los-mejores-tratamientos\\\/#article\",\"isPartOf\":{\"@id\":\"https:\\\/\\\/www.vision-clinic.es\\\/sindrome-del-ojo-seco-cuales-son-los-mejores-tratamientos\\\/\"},\"author\":{\"name\":\"lai.amoros\",\"@id\":\"https:\\\/\\\/www.vision-clinic.es\\\/#\\\/schema\\\/person\\\/2eb955a187e138d5f5c87cca23469c77\"},\"headline\":\"S\u00edndrome de l&#8217;ull sec: quins s\u00f3n els millors tractaments?\",\"datePublished\":\"2025-01-24T12:31:30+00:00\",\"dateModified\":\"2025-01-24T12:32:54+00:00\",\"mainEntityOfPage\":{\"@id\":\"https:\\\/\\\/www.vision-clinic.es\\\/sindrome-del-ojo-seco-cuales-son-los-mejores-tratamientos\\\/\"},\"wordCount\":603,\"publisher\":{\"@id\":\"https:\\\/\\\/www.vision-clinic.es\\\/#organization\"},\"image\":{\"@id\":\"https:\\\/\\\/www.vision-clinic.es\\\/sindrome-del-ojo-seco-cuales-son-los-mejores-tratamientos\\\/#primaryimage\"},\"thumbnailUrl\":\"https:\\\/\\\/www.vision-clinic.es\\\/wp-content\\\/uploads\\\/2025\\\/01\\\/IMG_5745.jpg\",\"keywords\":[\"col\u00b7liris\",\"c\u00f2rnia\",\"lentilles\",\"lents de contacte\",\"ll\u00e0grimes artificials\",\"s\u00edndrome de l'ull sec\",\"s\u00edndrome de Sj\u00f6gren\",\"ull sec\"],\"articleSection\":[\"C\u00f2rnia\"],\"inLanguage\":\"ca\"},{\"@type\":\"WebPage\",\"@id\":\"https:\\\/\\\/www.vision-clinic.es\\\/sindrome-del-ojo-seco-cuales-son-los-mejores-tratamientos\\\/\",\"url\":\"https:\\\/\\\/www.vision-clinic.es\\\/sindrome-del-ojo-seco-cuales-son-los-mejores-tratamientos\\\/\",\"name\":\"S\u00edndrome de lull sec: quins s\u00f3n els millors tractaments?\",\"isPartOf\":{\"@id\":\"https:\\\/\\\/www.vision-clinic.es\\\/#website\"},\"primaryImageOfPage\":{\"@id\":\"https:\\\/\\\/www.vision-clinic.es\\\/sindrome-del-ojo-seco-cuales-son-los-mejores-tratamientos\\\/#primaryimage\"},\"image\":{\"@id\":\"https:\\\/\\\/www.vision-clinic.es\\\/sindrome-del-ojo-seco-cuales-son-los-mejores-tratamientos\\\/#primaryimage\"},\"thumbnailUrl\":\"https:\\\/\\\/www.vision-clinic.es\\\/wp-content\\\/uploads\\\/2025\\\/01\\\/IMG_5745.jpg\",\"datePublished\":\"2025-01-24T12:31:30+00:00\",\"dateModified\":\"2025-01-24T12:32:54+00:00\",\"description\":\"L'elecci\u00f3 del tractament de l'ull sec dep\u00e8n del grau de severitat i sempre s'ha de fer sota la supervisi\u00f3 de l'oftalm\u00f2leg.\",\"breadcrumb\":{\"@id\":\"https:\\\/\\\/www.vision-clinic.es\\\/sindrome-del-ojo-seco-cuales-son-los-mejores-tratamientos\\\/#breadcrumb\"},\"inLanguage\":\"ca\",\"potentialAction\":[{\"@type\":\"ReadAction\",\"target\":[\"https:\\\/\\\/www.vision-clinic.es\\\/sindrome-del-ojo-seco-cuales-son-los-mejores-tratamientos\\\/\"]}]},{\"@type\":\"ImageObject\",\"inLanguage\":\"ca\",\"@id\":\"https:\\\/\\\/www.vision-clinic.es\\\/sindrome-del-ojo-seco-cuales-son-los-mejores-tratamientos\\\/#primaryimage\",\"url\":\"https:\\\/\\\/www.vision-clinic.es\\\/wp-content\\\/uploads\\\/2025\\\/01\\\/IMG_5745.jpg\",\"contentUrl\":\"https:\\\/\\\/www.vision-clinic.es\\\/wp-content\\\/uploads\\\/2025\\\/01\\\/IMG_5745.jpg\",\"width\":1920,\"height\":1536},{\"@type\":\"BreadcrumbList\",\"@id\":\"https:\\\/\\\/www.vision-clinic.es\\\/sindrome-del-ojo-seco-cuales-son-los-mejores-tratamientos\\\/#breadcrumb\",\"itemListElement\":[{\"@type\":\"ListItem\",\"position\":1,\"name\":\"Portada\",\"item\":\"https:\\\/\\\/www.vision-clinic.es\\\/\"},{\"@type\":\"ListItem\",\"position\":2,\"name\":\"S\u00edndrome de l&#8217;ull sec: quins s\u00f3n els millors tractaments?\"}]},{\"@type\":\"WebSite\",\"@id\":\"https:\\\/\\\/www.vision-clinic.es\\\/#website\",\"url\":\"https:\\\/\\\/www.vision-clinic.es\\\/\",\"name\":\"visi\u00f5ncl\u00ednic\",\"description\":\"Cl\u00ednica oftalmol\u00f3gica de barnacl\u00ednic+ y Cl\u00ednicas Mi |\u00a0El val\u00f5r de ver bi\u00e9n\",\"publisher\":{\"@id\":\"https:\\\/\\\/www.vision-clinic.es\\\/#organization\"},\"potentialAction\":[{\"@type\":\"SearchAction\",\"target\":{\"@type\":\"EntryPoint\",\"urlTemplate\":\"https:\\\/\\\/www.vision-clinic.es\\\/?s={search_term_string}\"},\"query-input\":{\"@type\":\"PropertyValueSpecification\",\"valueRequired\":true,\"valueName\":\"search_term_string\"}}],\"inLanguage\":\"ca\"},{\"@type\":\"Organization\",\"@id\":\"https:\\\/\\\/www.vision-clinic.es\\\/#organization\",\"name\":\"visi\u00f5ncl\u00ednic\",\"url\":\"https:\\\/\\\/www.vision-clinic.es\\\/\",\"logo\":{\"@type\":\"ImageObject\",\"inLanguage\":\"ca\",\"@id\":\"https:\\\/\\\/www.vision-clinic.es\\\/#\\\/schema\\\/logo\\\/image\\\/\",\"url\":\"https:\\\/\\\/www.vision-clinic.es\\\/wp-content\\\/uploads\\\/2021\\\/10\\\/logo-web-visionclinic-cob.png\",\"contentUrl\":\"https:\\\/\\\/www.vision-clinic.es\\\/wp-content\\\/uploads\\\/2021\\\/10\\\/logo-web-visionclinic-cob.png\",\"width\":395,\"height\":100,\"caption\":\"visi\u00f5ncl\u00ednic\"},\"image\":{\"@id\":\"https:\\\/\\\/www.vision-clinic.es\\\/#\\\/schema\\\/logo\\\/image\\\/\"}},{\"@type\":\"Person\",\"@id\":\"https:\\\/\\\/www.vision-clinic.es\\\/#\\\/schema\\\/person\\\/2eb955a187e138d5f5c87cca23469c77\",\"name\":\"lai.amoros\",\"sameAs\":[\"http:\\\/\\\/antaviana\"],\"url\":\"https:\\\/\\\/www.vision-clinic.es\\\/ca\\\/author\\\/lai-amoros\\\/\"}]}<\/script>\n<!-- \/ Yoast SEO plugin. -->","yoast_head_json":{"title":"S\u00edndrome de lull sec: quins s\u00f3n els millors tractaments?","description":"L'elecci\u00f3 del tractament de l'ull sec dep\u00e8n del grau de severitat i sempre s'ha de fer sota la supervisi\u00f3 de l'oftalm\u00f2leg.","robots":{"index":"index","follow":"follow","max-snippet":"max-snippet:-1","max-image-preview":"max-image-preview:large","max-video-preview":"max-video-preview:-1"},"canonical":"https:\/\/www.vision-clinic.es\/sindrome-del-ojo-seco-cuales-son-los-mejores-tratamientos\/","og_locale":"ca_ES","og_type":"article","og_title":"S\u00edndrome de lull sec: quins s\u00f3n els millors tractaments?","og_description":"L'elecci\u00f3 del tractament de l'ull sec dep\u00e8n del grau de severitat i sempre s'ha de fer sota la supervisi\u00f3 de l'oftalm\u00f2leg.","og_url":"https:\/\/www.vision-clinic.es\/sindrome-del-ojo-seco-cuales-son-los-mejores-tratamientos\/","og_site_name":"visi\u00f5ncl\u00ednic","article_published_time":"2025-01-24T12:31:30+00:00","article_modified_time":"2025-01-24T12:32:54+00:00","og_image":[{"width":1920,"height":1536,"url":"https:\/\/www.vision-clinic.es\/wp-content\/uploads\/2025\/01\/IMG_5745.jpg","type":"image\/jpeg"}],"author":"lai.amoros","twitter_card":"summary_large_image","twitter_misc":{"Escrit per":"lai.amoros","Temps estimat de lectura":"3 minuts"},"schema":{"@context":"https:\/\/schema.org","@graph":[{"@type":"Article","@id":"https:\/\/www.vision-clinic.es\/sindrome-del-ojo-seco-cuales-son-los-mejores-tratamientos\/#article","isPartOf":{"@id":"https:\/\/www.vision-clinic.es\/sindrome-del-ojo-seco-cuales-son-los-mejores-tratamientos\/"},"author":{"name":"lai.amoros","@id":"https:\/\/www.vision-clinic.es\/#\/schema\/person\/2eb955a187e138d5f5c87cca23469c77"},"headline":"S\u00edndrome de l&#8217;ull sec: quins s\u00f3n els millors tractaments?","datePublished":"2025-01-24T12:31:30+00:00","dateModified":"2025-01-24T12:32:54+00:00","mainEntityOfPage":{"@id":"https:\/\/www.vision-clinic.es\/sindrome-del-ojo-seco-cuales-son-los-mejores-tratamientos\/"},"wordCount":603,"publisher":{"@id":"https:\/\/www.vision-clinic.es\/#organization"},"image":{"@id":"https:\/\/www.vision-clinic.es\/sindrome-del-ojo-seco-cuales-son-los-mejores-tratamientos\/#primaryimage"},"thumbnailUrl":"https:\/\/www.vision-clinic.es\/wp-content\/uploads\/2025\/01\/IMG_5745.jpg","keywords":["col\u00b7liris","c\u00f2rnia","lentilles","lents de contacte","ll\u00e0grimes artificials","s\u00edndrome de l'ull sec","s\u00edndrome de Sj\u00f6gren","ull sec"],"articleSection":["C\u00f2rnia"],"inLanguage":"ca"},{"@type":"WebPage","@id":"https:\/\/www.vision-clinic.es\/sindrome-del-ojo-seco-cuales-son-los-mejores-tratamientos\/","url":"https:\/\/www.vision-clinic.es\/sindrome-del-ojo-seco-cuales-son-los-mejores-tratamientos\/","name":"S\u00edndrome de lull sec: quins s\u00f3n els millors tractaments?","isPartOf":{"@id":"https:\/\/www.vision-clinic.es\/#website"},"primaryImageOfPage":{"@id":"https:\/\/www.vision-clinic.es\/sindrome-del-ojo-seco-cuales-son-los-mejores-tratamientos\/#primaryimage"},"image":{"@id":"https:\/\/www.vision-clinic.es\/sindrome-del-ojo-seco-cuales-son-los-mejores-tratamientos\/#primaryimage"},"thumbnailUrl":"https:\/\/www.vision-clinic.es\/wp-content\/uploads\/2025\/01\/IMG_5745.jpg","datePublished":"2025-01-24T12:31:30+00:00","dateModified":"2025-01-24T12:32:54+00:00","description":"L'elecci\u00f3 del tractament de l'ull sec dep\u00e8n del grau de severitat i sempre s'ha de fer sota la supervisi\u00f3 de l'oftalm\u00f2leg.","breadcrumb":{"@id":"https:\/\/www.vision-clinic.es\/sindrome-del-ojo-seco-cuales-son-los-mejores-tratamientos\/#breadcrumb"},"inLanguage":"ca","potentialAction":[{"@type":"ReadAction","target":["https:\/\/www.vision-clinic.es\/sindrome-del-ojo-seco-cuales-son-los-mejores-tratamientos\/"]}]},{"@type":"ImageObject","inLanguage":"ca","@id":"https:\/\/www.vision-clinic.es\/sindrome-del-ojo-seco-cuales-son-los-mejores-tratamientos\/#primaryimage","url":"https:\/\/www.vision-clinic.es\/wp-content\/uploads\/2025\/01\/IMG_5745.jpg","contentUrl":"https:\/\/www.vision-clinic.es\/wp-content\/uploads\/2025\/01\/IMG_5745.jpg","width":1920,"height":1536},{"@type":"BreadcrumbList","@id":"https:\/\/www.vision-clinic.es\/sindrome-del-ojo-seco-cuales-son-los-mejores-tratamientos\/#breadcrumb","itemListElement":[{"@type":"ListItem","position":1,"name":"Portada","item":"https:\/\/www.vision-clinic.es\/"},{"@type":"ListItem","position":2,"name":"S\u00edndrome de l&#8217;ull sec: quins s\u00f3n els millors tractaments?"}]},{"@type":"WebSite","@id":"https:\/\/www.vision-clinic.es\/#website","url":"https:\/\/www.vision-clinic.es\/","name":"visi\u00f5ncl\u00ednic","description":"Cl\u00ednica oftalmol\u00f3gica de barnacl\u00ednic+ y Cl\u00ednicas Mi |\u00a0El val\u00f5r de ver bi\u00e9n","publisher":{"@id":"https:\/\/www.vision-clinic.es\/#organization"},"potentialAction":[{"@type":"SearchAction","target":{"@type":"EntryPoint","urlTemplate":"https:\/\/www.vision-clinic.es\/?s={search_term_string}"},"query-input":{"@type":"PropertyValueSpecification","valueRequired":true,"valueName":"search_term_string"}}],"inLanguage":"ca"},{"@type":"Organization","@id":"https:\/\/www.vision-clinic.es\/#organization","name":"visi\u00f5ncl\u00ednic","url":"https:\/\/www.vision-clinic.es\/","logo":{"@type":"ImageObject","inLanguage":"ca","@id":"https:\/\/www.vision-clinic.es\/#\/schema\/logo\/image\/","url":"https:\/\/www.vision-clinic.es\/wp-content\/uploads\/2021\/10\/logo-web-visionclinic-cob.png","contentUrl":"https:\/\/www.vision-clinic.es\/wp-content\/uploads\/2021\/10\/logo-web-visionclinic-cob.png","width":395,"height":100,"caption":"visi\u00f5ncl\u00ednic"},"image":{"@id":"https:\/\/www.vision-clinic.es\/#\/schema\/logo\/image\/"}},{"@type":"Person","@id":"https:\/\/www.vision-clinic.es\/#\/schema\/person\/2eb955a187e138d5f5c87cca23469c77","name":"lai.amoros","sameAs":["http:\/\/antaviana"],"url":"https:\/\/www.vision-clinic.es\/ca\/author\/lai-amoros\/"}]}},"_links":{"self":[{"href":"https:\/\/www.vision-clinic.es\/ca\/wp-json\/wp\/v2\/posts\/13724","targetHints":{"allow":["GET"]}}],"collection":[{"href":"https:\/\/www.vision-clinic.es\/ca\/wp-json\/wp\/v2\/posts"}],"about":[{"href":"https:\/\/www.vision-clinic.es\/ca\/wp-json\/wp\/v2\/types\/post"}],"author":[{"embeddable":true,"href":"https:\/\/www.vision-clinic.es\/ca\/wp-json\/wp\/v2\/users\/3"}],"replies":[{"embeddable":true,"href":"https:\/\/www.vision-clinic.es\/ca\/wp-json\/wp\/v2\/comments?post=13724"}],"version-history":[{"count":2,"href":"https:\/\/www.vision-clinic.es\/ca\/wp-json\/wp\/v2\/posts\/13724\/revisions"}],"predecessor-version":[{"id":13728,"href":"https:\/\/www.vision-clinic.es\/ca\/wp-json\/wp\/v2\/posts\/13724\/revisions\/13728"}],"wp:featuredmedia":[{"embeddable":true,"href":"https:\/\/www.vision-clinic.es\/ca\/wp-json\/wp\/v2\/media\/13508"}],"wp:attachment":[{"href":"https:\/\/www.vision-clinic.es\/ca\/wp-json\/wp\/v2\/media?parent=13724"}],"wp:term":[{"taxonomy":"category","embeddable":true,"href":"https:\/\/www.vision-clinic.es\/ca\/wp-json\/wp\/v2\/categories?post=13724"},{"taxonomy":"post_tag","embeddable":true,"href":"https:\/\/www.vision-clinic.es\/ca\/wp-json\/wp\/v2\/tags?post=13724"},{"taxonomy":"autores","embeddable":true,"href":"https:\/\/www.vision-clinic.es\/ca\/wp-json\/wp\/v2\/autores?post=13724"},{"taxonomy":"tipo_de_blog","embeddable":true,"href":"https:\/\/www.vision-clinic.es\/ca\/wp-json\/wp\/v2\/tipo_de_blog?post=13724"}],"curies":[{"name":"wp","href":"https:\/\/api.w.org\/{rel}","templated":true}]}}