{"id":13735,"date":"2025-01-24T12:46:48","date_gmt":"2025-01-24T12:46:48","guid":{"rendered":"https:\/\/www.vision-clinic.es\/manuel-el-tractament-per-a-la-uveitis-que-li-permet-seguir-treballant\/"},"modified":"2025-01-24T12:46:49","modified_gmt":"2025-01-24T12:46:49","slug":"manuel-el-tractament-per-a-la-uveitis-que-li-permet-seguir-treballant","status":"publish","type":"post","link":"https:\/\/www.vision-clinic.es\/ca\/manuel-el-tractament-per-a-la-uveitis-que-li-permet-seguir-treballant\/","title":{"rendered":"Manuel: el tractament per a la uve\u00eftis que li permet seguir treballant"},"content":{"rendered":"\t\t<div data-elementor-type=\"wp-post\" data-elementor-id=\"13735\" class=\"elementor elementor-13735 elementor-13521\" data-elementor-post-type=\"post\">\n\t\t\t\t\t\t<section class=\"elementor-section elementor-top-section elementor-element elementor-element-2e79c5e elementor-section-boxed elementor-section-height-default elementor-section-height-default\" data-id=\"2e79c5e\" data-element_type=\"section\" data-e-type=\"section\">\n\t\t\t\t\t\t<div class=\"elementor-container elementor-column-gap-default\">\n\t\t\t\t\t<div class=\"elementor-column elementor-col-100 elementor-top-column elementor-element elementor-element-130c974\" data-id=\"130c974\" data-element_type=\"column\" data-e-type=\"column\">\n\t\t\t<div class=\"elementor-widget-wrap elementor-element-populated\">\n\t\t\t\t\t\t<div class=\"elementor-element elementor-element-d6ff41f elementor-widget elementor-widget-text-editor\" data-id=\"d6ff41f\" data-element_type=\"widget\" data-e-type=\"widget\" data-widget_type=\"text-editor.default\">\n\t\t\t\t<div class=\"elementor-widget-container\">\n\t\t\t\t\t\t\t\t\t<p class=\"boto2\" align=\"left\"><strong>Les injeccions intrav\u00edtrees han canviat la vida d&#8217;en Manuel. Gr\u00e0cies a aquest f\u00e0rmac, pot continuar treballant i mantenir sota control la uve\u00eftis que fa temps que pateix. \u00abVa ser gr\u00e0cies a Alfredo Ad\u00e1n que avui estic b\u00e9: ell em va diagnosticar la malaltia que m&#8217;estava deixant sense visi\u00f3\u00bb. Coneixem de primera m\u00e0 aquest pacient de visi\u00f5ncl\u00ednic.   <\/strong><\/p>\n\t\t\t\t\t\t\t\t<\/div>\n\t\t\t\t<\/div>\n\t\t\t\t<div class=\"elementor-element elementor-element-462d84a elementor-widget elementor-widget-heading\" data-id=\"462d84a\" data-element_type=\"widget\" data-e-type=\"widget\" data-widget_type=\"heading.default\">\n\t\t\t\t<div class=\"elementor-widget-container\">\n\t\t\t\t\t<h2 class=\"elementor-heading-title elementor-size-medium\">\"No sabien diagnosticar-me la uve\u00eftis\"<\/h2>\t\t\t\t<\/div>\n\t\t\t\t<\/div>\n\t\t\t\t<div class=\"elementor-element elementor-element-74b872a elementor-widget elementor-widget-text-editor\" data-id=\"74b872a\" data-element_type=\"widget\" data-e-type=\"widget\" data-widget_type=\"text-editor.default\">\n\t\t\t\t<div class=\"elementor-widget-container\">\n\t\t\t\t\t\t\t\t\t<p>Manuel pateix uve\u00eftis. Ell \u00e9s una de 47.000 persones afectades per aquesta malaltia a Espanya, que, malgrat ser una gran desconeguda, \u00e9s la tercera causa de ceguesa evitable en persones entre 20 i 50 anys en pa\u00efsos desenvolupats. <\/p>\n\t\t\t\t\t\t\t\t<\/div>\n\t\t\t\t<\/div>\n\t\t\t\t<div class=\"elementor-element elementor-element-6420571 elementor-widget elementor-widget-text-editor\" data-id=\"6420571\" data-element_type=\"widget\" data-e-type=\"widget\" data-widget_type=\"text-editor.default\">\n\t\t\t\t<div class=\"elementor-widget-container\">\n\t\t\t\t\t\t\t\t\t<p align=\"left\">Es tracta de la inflamaci\u00f3 de l&#8217;\u00favea, la capa mitjana de l&#8217;ull, que causa dolor, visi\u00f3 borrosa i envermelliment. L&#8217;OMS l&#8217;ha catalogat com a una de les malalties rares. El seu diagn\u00f2stic no sempre \u00e9s f\u00e0cil i el Manuel ho sap b\u00e9. Li deien que tenia DMAE, per\u00f2 realment patia una forma rara d&#8217;aquesta patologia: coroiditis serpiginosa.   <\/p>\n\t\t\t\t\t\t\t\t<\/div>\n\t\t\t\t<\/div>\n\t\t\t\t<div class=\"elementor-element elementor-element-ee0345f elementor-widget elementor-widget-text-editor\" data-id=\"ee0345f\" data-element_type=\"widget\" data-e-type=\"widget\" data-widget_type=\"text-editor.default\">\n\t\t\t\t<div class=\"elementor-widget-container\">\n\t\t\t\t\t\t\t\t\t<p align=\"left\">Fins que el va visitar Alfredo Adan, un dels referents del nostre pa\u00eds en diagn\u00f2stic i monitoritzaci\u00f3 d&#8217;uve\u00eftis. Adan at\u00e9n cada any 200 pacients amb aquesta afectaci\u00f3 i treballa amb un equip multidisciplinari per abordar aquesta malaltia des de tots els punts de vista: internista, reumat\u00f2leg, immun\u00f2leg, neur\u00f2leg, infect\u00f2leg, etc. <\/p>\n\t\t\t\t\t\t\t\t<\/div>\n\t\t\t\t<\/div>\n\t\t\t\t\t<\/div>\n\t\t<\/div>\n\t\t\t\t\t<\/div>\n\t\t<\/section>\n\t\t\t\t<section class=\"elementor-section elementor-inner-section elementor-element elementor-element-f94dad9 elementor-section-content-middle elementor-section-boxed elementor-section-height-default elementor-section-height-default\" data-id=\"f94dad9\" data-element_type=\"section\" data-e-type=\"section\">\n\t\t\t\t\t\t<div class=\"elementor-container elementor-column-gap-custom\">\n\t\t\t\t\t<div class=\"elementor-column elementor-col-50 elementor-inner-column elementor-element elementor-element-68b8a42\" data-id=\"68b8a42\" data-element_type=\"column\" data-e-type=\"column\">\n\t\t\t<div class=\"elementor-widget-wrap elementor-element-populated\">\n\t\t\t\t\t\t<div class=\"elementor-element elementor-element-85051a2 elementor-widget elementor-widget-image\" data-id=\"85051a2\" data-element_type=\"widget\" data-e-type=\"widget\" data-widget_type=\"image.default\">\n\t\t\t\t<div class=\"elementor-widget-container\">\n\t\t\t\t\t\t\t\t\t\t\t\t\t\t\t<img decoding=\"async\" width=\"200\" height=\"202\" src=\"https:\/\/www.vision-clinic.es\/wp-content\/uploads\/2022\/02\/Alfredo-Adan-02-e1648225474763.png\" class=\"attachment-medium_large size-medium_large wp-image-9930\" alt=\"Dr. Alfredo Ad\u00e1n - Experto en enfermedades de retina y uve\u00edtis\" style=\"width:100%;height:101%;max-width:200px\" \/>\t\t\t\t\t\t\t\t\t\t\t\t\t\t\t<\/div>\n\t\t\t\t<\/div>\n\t\t\t\t<div class=\"elementor-element elementor-element-305a75b elementor-widget elementor-widget-text-editor\" data-id=\"305a75b\" data-element_type=\"widget\" data-e-type=\"widget\" data-widget_type=\"text-editor.default\">\n\t\t\t\t<div class=\"elementor-widget-container\">\n\t\t\t\t\t\t\t\t\t<p style=\"text-align: center;\">Alfredo Ad\u00e1n<\/p>\n\t\t\t\t\t\t\t\t<\/div>\n\t\t\t\t<\/div>\n\t\t\t\t\t<\/div>\n\t\t<\/div>\n\t\t\t\t<div class=\"elementor-column elementor-col-50 elementor-inner-column elementor-element elementor-element-58ed91d\" data-id=\"58ed91d\" data-element_type=\"column\" data-e-type=\"column\">\n\t\t\t<div class=\"elementor-widget-wrap elementor-element-populated\">\n\t\t\t\t\t\t<div class=\"elementor-element elementor-element-1b1d30e elementor-widget elementor-widget-heading\" data-id=\"1b1d30e\" data-element_type=\"widget\" data-e-type=\"widget\" data-widget_type=\"heading.default\">\n\t\t\t\t<div class=\"elementor-widget-container\">\n\t\t\t\t\t<h4 class=\"elementor-heading-title elementor-size-medium\">\"El missatge que dono als pacients d'uve\u00eftis \u00e9s d'esperan\u00e7a, perqu\u00e8 les opcions terap\u00e8utiques avui en dia s\u00f3n m\u00faltiples i, per tant, la qualitat de vida cada vegada \u00e9s millor\".<\/h4>\t\t\t\t<\/div>\n\t\t\t\t<\/div>\n\t\t\t\t\t<\/div>\n\t\t<\/div>\n\t\t\t\t\t<\/div>\n\t\t<\/section>\n\t\t\t\t<section class=\"elementor-section elementor-top-section elementor-element elementor-element-b214f9a elementor-section-boxed elementor-section-height-default elementor-section-height-default\" data-id=\"b214f9a\" data-element_type=\"section\" data-e-type=\"section\">\n\t\t\t\t\t\t<div class=\"elementor-container elementor-column-gap-default\">\n\t\t\t\t\t<div class=\"elementor-column elementor-col-100 elementor-top-column elementor-element elementor-element-acb0807\" data-id=\"acb0807\" data-element_type=\"column\" data-e-type=\"column\">\n\t\t\t<div class=\"elementor-widget-wrap elementor-element-populated\">\n\t\t\t\t\t\t<div class=\"elementor-element elementor-element-8ac9bee elementor-widget elementor-widget-spacer\" data-id=\"8ac9bee\" data-element_type=\"widget\" data-e-type=\"widget\" data-widget_type=\"spacer.default\">\n\t\t\t\t<div class=\"elementor-widget-container\">\n\t\t\t\t\t\t\t<div class=\"elementor-spacer\">\n\t\t\t<div class=\"elementor-spacer-inner\"><\/div>\n\t\t<\/div>\n\t\t\t\t\t\t<\/div>\n\t\t\t\t<\/div>\n\t\t\t\t\t<\/div>\n\t\t<\/div>\n\t\t\t\t\t<\/div>\n\t\t<\/section>\n\t\t\t\t<section class=\"elementor-section elementor-top-section elementor-element elementor-element-fdfd530 elementor-section-boxed elementor-section-height-default elementor-section-height-default\" data-id=\"fdfd530\" data-element_type=\"section\" data-e-type=\"section\">\n\t\t\t\t\t\t<div class=\"elementor-container elementor-column-gap-default\">\n\t\t\t\t\t<div class=\"elementor-column elementor-col-100 elementor-top-column elementor-element elementor-element-ea7e91a\" data-id=\"ea7e91a\" data-element_type=\"column\" data-e-type=\"column\">\n\t\t\t<div class=\"elementor-widget-wrap elementor-element-populated\">\n\t\t\t\t\t\t<div class=\"elementor-element elementor-element-8f7dac7 elementor-widget elementor-widget-html\" data-id=\"8f7dac7\" data-element_type=\"widget\" data-e-type=\"widget\" data-widget_type=\"html.default\">\n\t\t\t\t<div class=\"elementor-widget-container\">\n\t\t\t\t\t<div align=\"center\"><iframe title=\"YouTube video player\" src=\"https:\/\/www.youtube.com\/embed\/EtDcU41w8e8\" width=\"250\" height=\"500\" frameborder=\"0\" allowfullscreen=\"allowfullscreen\"><span data-mce-type=\"bookmark\" style=\"display: inline-block; width: 0px; overflow: hidden; line-height: 0;\" class=\"mce_SELRES_start\"><\/span><span data-mce-type=\"bookmark\" style=\"display: inline-block; width: 0px; overflow: hidden; line-height: 0;\" class=\"mce_SELRES_start\"><\/span><span data-mce-type=\"bookmark\" style=\"display: inline-block; width: 0px; overflow: hidden; line-height: 0;\" class=\"mce_SELRES_start\"><\/span><\/iframe><\/div>\t\t\t\t<\/div>\n\t\t\t\t<\/div>\n\t\t\t\t\t<\/div>\n\t\t<\/div>\n\t\t\t\t\t<\/div>\n\t\t<\/section>\n\t\t\t\t<section class=\"elementor-section elementor-top-section elementor-element elementor-element-140ca56 elementor-section-boxed elementor-section-height-default elementor-section-height-default\" data-id=\"140ca56\" data-element_type=\"section\" data-e-type=\"section\">\n\t\t\t\t\t\t<div class=\"elementor-container elementor-column-gap-default\">\n\t\t\t\t\t<div class=\"elementor-column elementor-col-100 elementor-top-column elementor-element elementor-element-3c5755b\" data-id=\"3c5755b\" data-element_type=\"column\" data-e-type=\"column\">\n\t\t\t<div class=\"elementor-widget-wrap elementor-element-populated\">\n\t\t\t\t\t\t<div class=\"elementor-element elementor-element-fa81ca3 elementor-widget elementor-widget-heading\" data-id=\"fa81ca3\" data-element_type=\"widget\" data-e-type=\"widget\" data-widget_type=\"heading.default\">\n\t\t\t\t<div class=\"elementor-widget-container\">\n\t\t\t\t\t<h2 class=\"elementor-heading-title elementor-size-medium\">Injeccions intrav\u00edtrees: un abans i un despr\u00e9s per tractar les uve\u00eftis \n<\/h2>\t\t\t\t<\/div>\n\t\t\t\t<\/div>\n\t\t\t\t<section class=\"elementor-section elementor-inner-section elementor-element elementor-element-12019d9 elementor-section-boxed elementor-section-height-default elementor-section-height-default\" data-id=\"12019d9\" data-element_type=\"section\" data-e-type=\"section\">\n\t\t\t\t\t\t<div class=\"elementor-container elementor-column-gap-default\">\n\t\t\t\t\t<div class=\"elementor-column elementor-col-100 elementor-inner-column elementor-element elementor-element-ef501de\" data-id=\"ef501de\" data-element_type=\"column\" data-e-type=\"column\">\n\t\t\t<div class=\"elementor-widget-wrap elementor-element-populated\">\n\t\t\t\t\t\t<div class=\"elementor-element elementor-element-c5971a7 elementor-widget elementor-widget-text-editor\" data-id=\"c5971a7\" data-element_type=\"widget\" data-e-type=\"widget\" data-widget_type=\"text-editor.default\">\n\t\t\t\t<div class=\"elementor-widget-container\">\n\t\t\t\t\t\t\t\t\t<p>\u00abJo estava enfonsat, i va ser gr\u00e0cies a con\u00e8ixer el Dr Alfredo Adan que vaig poder recuperar el meu dia a dia\u00bb, ens explica en Manuel. En el seu cas, el tractament combina injeccions intrav\u00edtrees i un f\u00e0rmac que el mateix pacient pot injectar-se sota la pell cada 15-20 dies, l&#8217;Adalimubab.  <\/p>\n\t\t\t\t\t\t\t\t<\/div>\n\t\t\t\t<\/div>\n\t\t\t\t<div class=\"elementor-element elementor-element-1c08146 elementor-widget elementor-widget-text-editor\" data-id=\"1c08146\" data-element_type=\"widget\" data-e-type=\"widget\" data-widget_type=\"text-editor.default\">\n\t\t\t\t<div class=\"elementor-widget-container\">\n\t\t\t\t\t\t\t\t\t<p>La bona not\u00edcia, en el seu cas, \u00e9s que gr\u00e0cies a aquest tractament ara la seva malaltia est\u00e0 en remissi\u00f3, no t\u00e9 inflamaci\u00f3. Desafortunadament, a les uve\u00eftis no es pot abaixar la gu\u00e0rdia: si es deixa el tractament, reapareix la cl\u00ednica i les dificultats amb la visi\u00f3 propera. <\/p>\n\t\t\t\t\t\t\t\t<\/div>\n\t\t\t\t<\/div>\n\t\t\t\t<div class=\"elementor-element elementor-element-9426b3a elementor-widget elementor-widget-text-editor\" data-id=\"9426b3a\" data-element_type=\"widget\" data-e-type=\"widget\" data-widget_type=\"text-editor.default\">\n\t\t\t\t<div class=\"elementor-widget-container\">\n\t\t\t\t\t\t\t\t\t<p>\u00abEl missatge que dono als pacients \u00e9s d&#8217;esperan\u00e7a, perqu\u00e8 les opcions terap\u00e8utiques avui s\u00f3n moltes i, per tant, la qualitat de vida cada vegada \u00e9s millor. A visi\u00f5nclinic disposem dels darrers tractaments amb f\u00e0rmacs biol\u00f2gics i nous dispositius d&#8217;alliberament de corticoides dels quals ja se&#8217;n beneficien molts pacients. <\/p>\n\t\t\t\t\t\t\t\t<\/div>\n\t\t\t\t<\/div>\n\t\t\t\t<div class=\"elementor-element elementor-element-b7f8321 elementor-widget elementor-widget-text-editor\" data-id=\"b7f8321\" data-element_type=\"widget\" data-e-type=\"widget\" data-widget_type=\"text-editor.default\">\n\t\t\t\t<div class=\"elementor-widget-container\">\n\t\t\t\t\t\t\t\t\t<p>A m\u00e9s, Ad\u00e1n i part del nostre equip m\u00e8dic, com a membres del Cl\u00ednic Barcelona, investiguen aquesta inflamaci\u00f3 ocular. Realitzen estudis cl\u00ednics i experimentals d&#8217;uve\u00eftis infeccioses i immunomediades, aix\u00ed com l&#8217;aplicaci\u00f3 de noves t\u00e8cniques d&#8217;imatge per estudiar-ne els factors de risc, i realitzen assajos cl\u00ednics de nous f\u00e0rmacs. <\/p>\n\t\t\t\t\t\t\t\t<\/div>\n\t\t\t\t<\/div>\n\t\t\t\t\t<\/div>\n\t\t<\/div>\n\t\t\t\t\t<\/div>\n\t\t<\/section>\n\t\t\t\t\t<\/div>\n\t\t<\/div>\n\t\t\t\t\t<\/div>\n\t\t<\/section>\n\t\t\t\t<section class=\"elementor-section elementor-inner-section elementor-element elementor-element-9d626c1 elementor-section-content-middle elementor-section-boxed elementor-section-height-default elementor-section-height-default\" data-id=\"9d626c1\" data-element_type=\"section\" data-e-type=\"section\">\n\t\t\t\t\t\t<div class=\"elementor-container elementor-column-gap-custom\">\n\t\t\t\t\t<div class=\"elementor-column elementor-col-50 elementor-inner-column elementor-element elementor-element-514646e\" data-id=\"514646e\" data-element_type=\"column\" data-e-type=\"column\">\n\t\t\t<div class=\"elementor-widget-wrap elementor-element-populated\">\n\t\t\t\t\t\t<div class=\"elementor-element elementor-element-d1f7e23 elementor-widget elementor-widget-image\" data-id=\"d1f7e23\" data-element_type=\"widget\" data-e-type=\"widget\" data-widget_type=\"image.default\">\n\t\t\t\t<div class=\"elementor-widget-container\">\n\t\t\t\t\t\t\t\t\t\t\t\t\t\t\t<img decoding=\"async\" width=\"200\" height=\"202\" src=\"https:\/\/www.vision-clinic.es\/wp-content\/uploads\/2022\/02\/Alfredo-Adan-02-e1648225474763.png\" class=\"attachment-medium_large size-medium_large wp-image-9930\" alt=\"Dr. Alfredo Ad\u00e1n - Experto en enfermedades de retina y uve\u00edtis\" style=\"width:100%;height:101%;max-width:200px\" \/>\t\t\t\t\t\t\t\t\t\t\t\t\t\t\t<\/div>\n\t\t\t\t<\/div>\n\t\t\t\t<div class=\"elementor-element elementor-element-cb2d849 elementor-widget elementor-widget-text-editor\" data-id=\"cb2d849\" data-element_type=\"widget\" data-e-type=\"widget\" data-widget_type=\"text-editor.default\">\n\t\t\t\t<div class=\"elementor-widget-container\">\n\t\t\t\t\t\t\t\t\t<p style=\"text-align: center;\">Alfredo Ad\u00e1n<\/p>\n\t\t\t\t\t\t\t\t<\/div>\n\t\t\t\t<\/div>\n\t\t\t\t\t<\/div>\n\t\t<\/div>\n\t\t\t\t<div class=\"elementor-column elementor-col-50 elementor-inner-column elementor-element elementor-element-b05de95\" data-id=\"b05de95\" data-element_type=\"column\" data-e-type=\"column\">\n\t\t\t<div class=\"elementor-widget-wrap elementor-element-populated\">\n\t\t\t\t\t\t<div class=\"elementor-element elementor-element-45745a7 elementor-widget elementor-widget-heading\" data-id=\"45745a7\" data-element_type=\"widget\" data-e-type=\"widget\" data-widget_type=\"heading.default\">\n\t\t\t\t<div class=\"elementor-widget-container\">\n\t\t\t\t\t<h4 class=\"elementor-heading-title elementor-size-medium\">\u201cLes injeccions intrav\u00edtrees, siguin f\u00e0rmacs anti-VEGF o corticoides, han perm\u00e8s un gran salt en el tractament de malalties maculars que, altrament, causarien p\u00e8rdua de visi\u00f3 irreversible\u201d<\/h4>\t\t\t\t<\/div>\n\t\t\t\t<\/div>\n\t\t\t\t\t<\/div>\n\t\t<\/div>\n\t\t\t\t\t<\/div>\n\t\t<\/section>\n\t\t\t\t<section class=\"elementor-section elementor-top-section elementor-element elementor-element-1d4cfc6 elementor-section-boxed elementor-section-height-default elementor-section-height-default\" data-id=\"1d4cfc6\" data-element_type=\"section\" data-e-type=\"section\">\n\t\t\t\t\t\t<div class=\"elementor-container elementor-column-gap-default\">\n\t\t\t\t\t<div class=\"elementor-column elementor-col-100 elementor-top-column elementor-element elementor-element-4c4f719\" data-id=\"4c4f719\" data-element_type=\"column\" data-e-type=\"column\">\n\t\t\t<div class=\"elementor-widget-wrap elementor-element-populated\">\n\t\t\t\t\t\t<div class=\"elementor-element elementor-element-34ea38c elementor-widget elementor-widget-spacer\" data-id=\"34ea38c\" data-element_type=\"widget\" data-e-type=\"widget\" data-widget_type=\"spacer.default\">\n\t\t\t\t<div class=\"elementor-widget-container\">\n\t\t\t\t\t\t\t<div class=\"elementor-spacer\">\n\t\t\t<div class=\"elementor-spacer-inner\"><\/div>\n\t\t<\/div>\n\t\t\t\t\t\t<\/div>\n\t\t\t\t<\/div>\n\t\t\t\t\t<\/div>\n\t\t<\/div>\n\t\t\t\t\t<\/div>\n\t\t<\/section>\n\t\t\t\t<section class=\"elementor-section elementor-top-section elementor-element elementor-element-cb93686 elementor-section-boxed elementor-section-height-default elementor-section-height-default\" data-id=\"cb93686\" data-element_type=\"section\" data-e-type=\"section\" data-settings=\"{&quot;background_background&quot;:&quot;classic&quot;}\">\n\t\t\t\t\t\t<div class=\"elementor-container elementor-column-gap-default\">\n\t\t\t\t\t<div class=\"elementor-column elementor-col-100 elementor-top-column elementor-element elementor-element-52b8887\" data-id=\"52b8887\" data-element_type=\"column\" data-e-type=\"column\">\n\t\t\t<div class=\"elementor-widget-wrap elementor-element-populated\">\n\t\t\t\t\t\t<div class=\"elementor-element elementor-element-e435fcf elementor-cta--skin-cover elementor-widget elementor-widget-call-to-action\" data-id=\"e435fcf\" data-element_type=\"widget\" data-e-type=\"widget\" data-settings=\"{&quot;_animation&quot;:&quot;none&quot;}\" data-widget_type=\"call-to-action.default\">\n\t\t\t\t<div class=\"elementor-widget-container\">\n\t\t\t\t\t\t\t<div class=\"elementor-cta\">\n\t\t\t\t\t<div class=\"elementor-cta__bg-wrapper\">\n\t\t\t\t<div class=\"elementor-cta__bg elementor-bg\" style=\"background-image: url();\" role=\"img\" aria-label=\"\"><\/div>\n\t\t\t\t<div class=\"elementor-cta__bg-overlay\"><\/div>\n\t\t\t<\/div>\n\t\t\t\t\t\t\t<div class=\"elementor-cta__content\">\n\t\t\t\t\n\t\t\t\t\t\t\t\t\t<h2 class=\"elementor-cta__title elementor-cta__content-item elementor-content-item\">\n\t\t\t\t\t\tVOLS M\u00c9S INFORMACI\u00d3 SOBRE LES INJECCIONS INTRAV\u00cdTREES O DESITGES CONTACTAR AMB EL DR. ALFREDO AD\u00c1N?\t\t\t\t\t<\/h2>\n\t\t\t\t\n\t\t\t\t\n\t\t\t\t\t\t\t\t\t<div class=\"elementor-cta__button-wrapper elementor-cta__content-item elementor-content-item \">\n\t\t\t\t\t<a class=\"elementor-cta__button elementor-button elementor-size-\" href=\"#elementor-action%3Aaction%3Dpopup%3Aopen%26settings%3DeyJpZCI6MTAwMjQsInRvZ2dsZSI6ZmFsc2V9\">\n\t\t\t\t\t\tDEMANA UNA CITA\t\t\t\t\t<\/a>\n\t\t\t\t\t<\/div>\n\t\t\t\t\t\t\t<\/div>\n\t\t\t\t\t\t<\/div>\n\t\t\t\t\t\t<\/div>\n\t\t\t\t<\/div>\n\t\t\t\t\t<\/div>\n\t\t<\/div>\n\t\t\t\t\t<\/div>\n\t\t<\/section>\n\t\t\t\t<section class=\"elementor-section elementor-top-section elementor-element elementor-element-c6593ad elementor-section-boxed elementor-section-height-default elementor-section-height-default\" data-id=\"c6593ad\" data-element_type=\"section\" data-e-type=\"section\">\n\t\t\t\t\t\t<div class=\"elementor-container elementor-column-gap-default\">\n\t\t\t\t\t<div class=\"elementor-column elementor-col-100 elementor-top-column elementor-element elementor-element-11e830b\" data-id=\"11e830b\" data-element_type=\"column\" data-e-type=\"column\">\n\t\t\t<div class=\"elementor-widget-wrap elementor-element-populated\">\n\t\t\t\t\t\t<div class=\"elementor-element elementor-element-8ad44ee elementor-widget elementor-widget-spacer\" data-id=\"8ad44ee\" data-element_type=\"widget\" data-e-type=\"widget\" data-widget_type=\"spacer.default\">\n\t\t\t\t<div class=\"elementor-widget-container\">\n\t\t\t\t\t\t\t<div class=\"elementor-spacer\">\n\t\t\t<div class=\"elementor-spacer-inner\"><\/div>\n\t\t<\/div>\n\t\t\t\t\t\t<\/div>\n\t\t\t\t<\/div>\n\t\t\t\t\t<\/div>\n\t\t<\/div>\n\t\t\t\t\t<\/div>\n\t\t<\/section>\n\t\t\t\t<\/div>\n\t\t","protected":false},"excerpt":{"rendered":"<p>Les injeccions intrav\u00edtrees han canviat la vida d&#8217;en Manuel. Gr\u00e0cies a aquest f\u00e0rmac, pot continuar treballant i mantenir sota control la uve\u00eftis que fa temps que pateix. \u00abVa ser gr\u00e0cies a Alfredo Ad\u00e1n que avui estic b\u00e9: ell em va diagnosticar la malaltia que m&#8217;estava deixant sense visi\u00f3\u00bb. Coneixem de primera m\u00e0 aquest pacient de visi\u00f5ncl\u00ednic.   <\/p>\n","protected":false},"author":3,"featured_media":13524,"comment_status":"open","ping_status":"open","sticky":false,"template":"","format":"standard","meta":{"_acf_changed":false,"footnotes":""},"categories":[167],"tags":[302,300,250,153,301],"autores":[34],"tipo_de_blog":[46],"class_list":["post-13735","post","type-post","status-publish","format-standard","has-post-thumbnail","hentry","category-uveitis-ca","tag-alfredo-adan-ca","tag-injeccions-intravitrees","tag-macula-ca","tag-retina-ca","tag-uveitis-ca","autores-dr-alfredo-adan","tipo_de_blog-visionblog","entry"],"acf":[],"yoast_head":"<!-- This site is optimized with the Yoast SEO plugin v27.4 - https:\/\/yoast.com\/product\/yoast-seo-wordpress\/ -->\n<title>Manuel: el tractament per a la uve\u00eftis que li permet seguir treballant - visi\u00f5ncl\u00ednic<\/title>\n<meta name=\"description\" content=\"Les injeccions intrav\u00edtries per tractar la uve\u00eftis permeten a Manuel seguir amb la seva vida normal i controlar la progressi\u00f3 de la malaltia\" \/>\n<meta name=\"robots\" content=\"index, follow, max-snippet:-1, max-image-preview:large, max-video-preview:-1\" \/>\n<link rel=\"canonical\" href=\"https:\/\/www.vision-clinic.es\/ca\/manuel-el-tractament-per-a-la-uveitis-que-li-permet-seguir-treballant\/\" \/>\n<meta property=\"og:locale\" content=\"ca_ES\" \/>\n<meta property=\"og:type\" content=\"article\" \/>\n<meta property=\"og:title\" content=\"Manuel: el tractament per a la uve\u00eftis que li permet seguir treballant - visi\u00f5ncl\u00ednic\" \/>\n<meta property=\"og:description\" content=\"Les injeccions intrav\u00edtries per tractar la uve\u00eftis permeten a Manuel seguir amb la seva vida normal i controlar la progressi\u00f3 de la malaltia\" \/>\n<meta property=\"og:url\" content=\"https:\/\/www.vision-clinic.es\/ca\/manuel-el-tractament-per-a-la-uveitis-que-li-permet-seguir-treballant\/\" \/>\n<meta property=\"og:site_name\" content=\"visi\u00f5ncl\u00ednic\" \/>\n<meta property=\"article:published_time\" content=\"2025-01-24T12:46:48+00:00\" \/>\n<meta property=\"article:modified_time\" content=\"2025-01-24T12:46:49+00:00\" \/>\n<meta property=\"og:image\" content=\"https:\/\/www.vision-clinic.es\/wp-content\/uploads\/2025\/01\/IMG_8114.jpg\" \/>\n\t<meta property=\"og:image:width\" content=\"1920\" \/>\n\t<meta property=\"og:image:height\" content=\"1536\" \/>\n\t<meta property=\"og:image:type\" content=\"image\/jpeg\" \/>\n<meta name=\"author\" content=\"lai.amoros\" \/>\n<meta name=\"twitter:card\" content=\"summary_large_image\" \/>\n<meta name=\"twitter:label1\" content=\"Escrit per\" \/>\n\t<meta name=\"twitter:data1\" content=\"lai.amoros\" \/>\n\t<meta name=\"twitter:label2\" content=\"Temps estimat de lectura\" \/>\n\t<meta name=\"twitter:data2\" content=\"3 minuts\" \/>\n<script type=\"application\/ld+json\" class=\"yoast-schema-graph\">{\"@context\":\"https:\\\/\\\/schema.org\",\"@graph\":[{\"@type\":\"Article\",\"@id\":\"https:\\\/\\\/www.vision-clinic.es\\\/ca\\\/manuel-el-tractament-per-a-la-uveitis-que-li-permet-seguir-treballant\\\/#article\",\"isPartOf\":{\"@id\":\"https:\\\/\\\/www.vision-clinic.es\\\/ca\\\/manuel-el-tractament-per-a-la-uveitis-que-li-permet-seguir-treballant\\\/\"},\"author\":{\"name\":\"lai.amoros\",\"@id\":\"https:\\\/\\\/www.vision-clinic.es\\\/#\\\/schema\\\/person\\\/2eb955a187e138d5f5c87cca23469c77\"},\"headline\":\"Manuel: el tractament per a la uve\u00eftis que li permet seguir treballant\",\"datePublished\":\"2025-01-24T12:46:48+00:00\",\"dateModified\":\"2025-01-24T12:46:49+00:00\",\"mainEntityOfPage\":{\"@id\":\"https:\\\/\\\/www.vision-clinic.es\\\/ca\\\/manuel-el-tractament-per-a-la-uveitis-que-li-permet-seguir-treballant\\\/\"},\"wordCount\":561,\"commentCount\":0,\"publisher\":{\"@id\":\"https:\\\/\\\/www.vision-clinic.es\\\/#organization\"},\"image\":{\"@id\":\"https:\\\/\\\/www.vision-clinic.es\\\/ca\\\/manuel-el-tractament-per-a-la-uveitis-que-li-permet-seguir-treballant\\\/#primaryimage\"},\"thumbnailUrl\":\"https:\\\/\\\/www.vision-clinic.es\\\/wp-content\\\/uploads\\\/2025\\\/01\\\/IMG_8114.jpg\",\"keywords\":[\"Alfredo Adan\",\"injeccions intrav\u00edtrees\",\"m\u00e0cula\",\"Retina\",\"uve\u00eftis\"],\"articleSection\":[\"Uve\u00eftis\"],\"inLanguage\":\"ca\",\"potentialAction\":[{\"@type\":\"CommentAction\",\"name\":\"Comment\",\"target\":[\"https:\\\/\\\/www.vision-clinic.es\\\/ca\\\/manuel-el-tractament-per-a-la-uveitis-que-li-permet-seguir-treballant\\\/#respond\"]}]},{\"@type\":\"WebPage\",\"@id\":\"https:\\\/\\\/www.vision-clinic.es\\\/ca\\\/manuel-el-tractament-per-a-la-uveitis-que-li-permet-seguir-treballant\\\/\",\"url\":\"https:\\\/\\\/www.vision-clinic.es\\\/ca\\\/manuel-el-tractament-per-a-la-uveitis-que-li-permet-seguir-treballant\\\/\",\"name\":\"Manuel: el tractament per a la uve\u00eftis que li permet seguir treballant - visi\u00f5ncl\u00ednic\",\"isPartOf\":{\"@id\":\"https:\\\/\\\/www.vision-clinic.es\\\/#website\"},\"primaryImageOfPage\":{\"@id\":\"https:\\\/\\\/www.vision-clinic.es\\\/ca\\\/manuel-el-tractament-per-a-la-uveitis-que-li-permet-seguir-treballant\\\/#primaryimage\"},\"image\":{\"@id\":\"https:\\\/\\\/www.vision-clinic.es\\\/ca\\\/manuel-el-tractament-per-a-la-uveitis-que-li-permet-seguir-treballant\\\/#primaryimage\"},\"thumbnailUrl\":\"https:\\\/\\\/www.vision-clinic.es\\\/wp-content\\\/uploads\\\/2025\\\/01\\\/IMG_8114.jpg\",\"datePublished\":\"2025-01-24T12:46:48+00:00\",\"dateModified\":\"2025-01-24T12:46:49+00:00\",\"description\":\"Les injeccions intrav\u00edtries per tractar la uve\u00eftis permeten a Manuel seguir amb la seva vida normal i controlar la progressi\u00f3 de la malaltia\",\"breadcrumb\":{\"@id\":\"https:\\\/\\\/www.vision-clinic.es\\\/ca\\\/manuel-el-tractament-per-a-la-uveitis-que-li-permet-seguir-treballant\\\/#breadcrumb\"},\"inLanguage\":\"ca\",\"potentialAction\":[{\"@type\":\"ReadAction\",\"target\":[\"https:\\\/\\\/www.vision-clinic.es\\\/ca\\\/manuel-el-tractament-per-a-la-uveitis-que-li-permet-seguir-treballant\\\/\"]}]},{\"@type\":\"ImageObject\",\"inLanguage\":\"ca\",\"@id\":\"https:\\\/\\\/www.vision-clinic.es\\\/ca\\\/manuel-el-tractament-per-a-la-uveitis-que-li-permet-seguir-treballant\\\/#primaryimage\",\"url\":\"https:\\\/\\\/www.vision-clinic.es\\\/wp-content\\\/uploads\\\/2025\\\/01\\\/IMG_8114.jpg\",\"contentUrl\":\"https:\\\/\\\/www.vision-clinic.es\\\/wp-content\\\/uploads\\\/2025\\\/01\\\/IMG_8114.jpg\",\"width\":1920,\"height\":1536},{\"@type\":\"BreadcrumbList\",\"@id\":\"https:\\\/\\\/www.vision-clinic.es\\\/ca\\\/manuel-el-tractament-per-a-la-uveitis-que-li-permet-seguir-treballant\\\/#breadcrumb\",\"itemListElement\":[{\"@type\":\"ListItem\",\"position\":1,\"name\":\"Portada\",\"item\":\"https:\\\/\\\/www.vision-clinic.es\\\/\"},{\"@type\":\"ListItem\",\"position\":2,\"name\":\"Manuel: el tractament per a la uve\u00eftis que li permet seguir treballant\"}]},{\"@type\":\"WebSite\",\"@id\":\"https:\\\/\\\/www.vision-clinic.es\\\/#website\",\"url\":\"https:\\\/\\\/www.vision-clinic.es\\\/\",\"name\":\"visi\u00f5ncl\u00ednic\",\"description\":\"Cl\u00ednica oftalmol\u00f3gica de barnacl\u00ednic+ y Cl\u00ednicas Mi |\u00a0El val\u00f5r de ver bi\u00e9n\",\"publisher\":{\"@id\":\"https:\\\/\\\/www.vision-clinic.es\\\/#organization\"},\"potentialAction\":[{\"@type\":\"SearchAction\",\"target\":{\"@type\":\"EntryPoint\",\"urlTemplate\":\"https:\\\/\\\/www.vision-clinic.es\\\/?s={search_term_string}\"},\"query-input\":{\"@type\":\"PropertyValueSpecification\",\"valueRequired\":true,\"valueName\":\"search_term_string\"}}],\"inLanguage\":\"ca\"},{\"@type\":\"Organization\",\"@id\":\"https:\\\/\\\/www.vision-clinic.es\\\/#organization\",\"name\":\"visi\u00f5ncl\u00ednic\",\"url\":\"https:\\\/\\\/www.vision-clinic.es\\\/\",\"logo\":{\"@type\":\"ImageObject\",\"inLanguage\":\"ca\",\"@id\":\"https:\\\/\\\/www.vision-clinic.es\\\/#\\\/schema\\\/logo\\\/image\\\/\",\"url\":\"https:\\\/\\\/www.vision-clinic.es\\\/wp-content\\\/uploads\\\/2021\\\/10\\\/logo-web-visionclinic-cob.png\",\"contentUrl\":\"https:\\\/\\\/www.vision-clinic.es\\\/wp-content\\\/uploads\\\/2021\\\/10\\\/logo-web-visionclinic-cob.png\",\"width\":395,\"height\":100,\"caption\":\"visi\u00f5ncl\u00ednic\"},\"image\":{\"@id\":\"https:\\\/\\\/www.vision-clinic.es\\\/#\\\/schema\\\/logo\\\/image\\\/\"}},{\"@type\":\"Person\",\"@id\":\"https:\\\/\\\/www.vision-clinic.es\\\/#\\\/schema\\\/person\\\/2eb955a187e138d5f5c87cca23469c77\",\"name\":\"lai.amoros\",\"sameAs\":[\"http:\\\/\\\/antaviana\"],\"url\":\"https:\\\/\\\/www.vision-clinic.es\\\/ca\\\/author\\\/lai-amoros\\\/\"}]}<\/script>\n<!-- \/ Yoast SEO plugin. -->","yoast_head_json":{"title":"Manuel: el tractament per a la uve\u00eftis que li permet seguir treballant - visi\u00f5ncl\u00ednic","description":"Les injeccions intrav\u00edtries per tractar la uve\u00eftis permeten a Manuel seguir amb la seva vida normal i controlar la progressi\u00f3 de la malaltia","robots":{"index":"index","follow":"follow","max-snippet":"max-snippet:-1","max-image-preview":"max-image-preview:large","max-video-preview":"max-video-preview:-1"},"canonical":"https:\/\/www.vision-clinic.es\/ca\/manuel-el-tractament-per-a-la-uveitis-que-li-permet-seguir-treballant\/","og_locale":"ca_ES","og_type":"article","og_title":"Manuel: el tractament per a la uve\u00eftis que li permet seguir treballant - visi\u00f5ncl\u00ednic","og_description":"Les injeccions intrav\u00edtries per tractar la uve\u00eftis permeten a Manuel seguir amb la seva vida normal i controlar la progressi\u00f3 de la malaltia","og_url":"https:\/\/www.vision-clinic.es\/ca\/manuel-el-tractament-per-a-la-uveitis-que-li-permet-seguir-treballant\/","og_site_name":"visi\u00f5ncl\u00ednic","article_published_time":"2025-01-24T12:46:48+00:00","article_modified_time":"2025-01-24T12:46:49+00:00","og_image":[{"width":1920,"height":1536,"url":"https:\/\/www.vision-clinic.es\/wp-content\/uploads\/2025\/01\/IMG_8114.jpg","type":"image\/jpeg"}],"author":"lai.amoros","twitter_card":"summary_large_image","twitter_misc":{"Escrit per":"lai.amoros","Temps estimat de lectura":"3 minuts"},"schema":{"@context":"https:\/\/schema.org","@graph":[{"@type":"Article","@id":"https:\/\/www.vision-clinic.es\/ca\/manuel-el-tractament-per-a-la-uveitis-que-li-permet-seguir-treballant\/#article","isPartOf":{"@id":"https:\/\/www.vision-clinic.es\/ca\/manuel-el-tractament-per-a-la-uveitis-que-li-permet-seguir-treballant\/"},"author":{"name":"lai.amoros","@id":"https:\/\/www.vision-clinic.es\/#\/schema\/person\/2eb955a187e138d5f5c87cca23469c77"},"headline":"Manuel: el tractament per a la uve\u00eftis que li permet seguir treballant","datePublished":"2025-01-24T12:46:48+00:00","dateModified":"2025-01-24T12:46:49+00:00","mainEntityOfPage":{"@id":"https:\/\/www.vision-clinic.es\/ca\/manuel-el-tractament-per-a-la-uveitis-que-li-permet-seguir-treballant\/"},"wordCount":561,"commentCount":0,"publisher":{"@id":"https:\/\/www.vision-clinic.es\/#organization"},"image":{"@id":"https:\/\/www.vision-clinic.es\/ca\/manuel-el-tractament-per-a-la-uveitis-que-li-permet-seguir-treballant\/#primaryimage"},"thumbnailUrl":"https:\/\/www.vision-clinic.es\/wp-content\/uploads\/2025\/01\/IMG_8114.jpg","keywords":["Alfredo Adan","injeccions intrav\u00edtrees","m\u00e0cula","Retina","uve\u00eftis"],"articleSection":["Uve\u00eftis"],"inLanguage":"ca","potentialAction":[{"@type":"CommentAction","name":"Comment","target":["https:\/\/www.vision-clinic.es\/ca\/manuel-el-tractament-per-a-la-uveitis-que-li-permet-seguir-treballant\/#respond"]}]},{"@type":"WebPage","@id":"https:\/\/www.vision-clinic.es\/ca\/manuel-el-tractament-per-a-la-uveitis-que-li-permet-seguir-treballant\/","url":"https:\/\/www.vision-clinic.es\/ca\/manuel-el-tractament-per-a-la-uveitis-que-li-permet-seguir-treballant\/","name":"Manuel: el tractament per a la uve\u00eftis que li permet seguir treballant - visi\u00f5ncl\u00ednic","isPartOf":{"@id":"https:\/\/www.vision-clinic.es\/#website"},"primaryImageOfPage":{"@id":"https:\/\/www.vision-clinic.es\/ca\/manuel-el-tractament-per-a-la-uveitis-que-li-permet-seguir-treballant\/#primaryimage"},"image":{"@id":"https:\/\/www.vision-clinic.es\/ca\/manuel-el-tractament-per-a-la-uveitis-que-li-permet-seguir-treballant\/#primaryimage"},"thumbnailUrl":"https:\/\/www.vision-clinic.es\/wp-content\/uploads\/2025\/01\/IMG_8114.jpg","datePublished":"2025-01-24T12:46:48+00:00","dateModified":"2025-01-24T12:46:49+00:00","description":"Les injeccions intrav\u00edtries per tractar la uve\u00eftis permeten a Manuel seguir amb la seva vida normal i controlar la progressi\u00f3 de la malaltia","breadcrumb":{"@id":"https:\/\/www.vision-clinic.es\/ca\/manuel-el-tractament-per-a-la-uveitis-que-li-permet-seguir-treballant\/#breadcrumb"},"inLanguage":"ca","potentialAction":[{"@type":"ReadAction","target":["https:\/\/www.vision-clinic.es\/ca\/manuel-el-tractament-per-a-la-uveitis-que-li-permet-seguir-treballant\/"]}]},{"@type":"ImageObject","inLanguage":"ca","@id":"https:\/\/www.vision-clinic.es\/ca\/manuel-el-tractament-per-a-la-uveitis-que-li-permet-seguir-treballant\/#primaryimage","url":"https:\/\/www.vision-clinic.es\/wp-content\/uploads\/2025\/01\/IMG_8114.jpg","contentUrl":"https:\/\/www.vision-clinic.es\/wp-content\/uploads\/2025\/01\/IMG_8114.jpg","width":1920,"height":1536},{"@type":"BreadcrumbList","@id":"https:\/\/www.vision-clinic.es\/ca\/manuel-el-tractament-per-a-la-uveitis-que-li-permet-seguir-treballant\/#breadcrumb","itemListElement":[{"@type":"ListItem","position":1,"name":"Portada","item":"https:\/\/www.vision-clinic.es\/"},{"@type":"ListItem","position":2,"name":"Manuel: el tractament per a la uve\u00eftis que li permet seguir treballant"}]},{"@type":"WebSite","@id":"https:\/\/www.vision-clinic.es\/#website","url":"https:\/\/www.vision-clinic.es\/","name":"visi\u00f5ncl\u00ednic","description":"Cl\u00ednica oftalmol\u00f3gica de barnacl\u00ednic+ y Cl\u00ednicas Mi |\u00a0El val\u00f5r de ver bi\u00e9n","publisher":{"@id":"https:\/\/www.vision-clinic.es\/#organization"},"potentialAction":[{"@type":"SearchAction","target":{"@type":"EntryPoint","urlTemplate":"https:\/\/www.vision-clinic.es\/?s={search_term_string}"},"query-input":{"@type":"PropertyValueSpecification","valueRequired":true,"valueName":"search_term_string"}}],"inLanguage":"ca"},{"@type":"Organization","@id":"https:\/\/www.vision-clinic.es\/#organization","name":"visi\u00f5ncl\u00ednic","url":"https:\/\/www.vision-clinic.es\/","logo":{"@type":"ImageObject","inLanguage":"ca","@id":"https:\/\/www.vision-clinic.es\/#\/schema\/logo\/image\/","url":"https:\/\/www.vision-clinic.es\/wp-content\/uploads\/2021\/10\/logo-web-visionclinic-cob.png","contentUrl":"https:\/\/www.vision-clinic.es\/wp-content\/uploads\/2021\/10\/logo-web-visionclinic-cob.png","width":395,"height":100,"caption":"visi\u00f5ncl\u00ednic"},"image":{"@id":"https:\/\/www.vision-clinic.es\/#\/schema\/logo\/image\/"}},{"@type":"Person","@id":"https:\/\/www.vision-clinic.es\/#\/schema\/person\/2eb955a187e138d5f5c87cca23469c77","name":"lai.amoros","sameAs":["http:\/\/antaviana"],"url":"https:\/\/www.vision-clinic.es\/ca\/author\/lai-amoros\/"}]}},"_links":{"self":[{"href":"https:\/\/www.vision-clinic.es\/ca\/wp-json\/wp\/v2\/posts\/13735","targetHints":{"allow":["GET"]}}],"collection":[{"href":"https:\/\/www.vision-clinic.es\/ca\/wp-json\/wp\/v2\/posts"}],"about":[{"href":"https:\/\/www.vision-clinic.es\/ca\/wp-json\/wp\/v2\/types\/post"}],"author":[{"embeddable":true,"href":"https:\/\/www.vision-clinic.es\/ca\/wp-json\/wp\/v2\/users\/3"}],"replies":[{"embeddable":true,"href":"https:\/\/www.vision-clinic.es\/ca\/wp-json\/wp\/v2\/comments?post=13735"}],"version-history":[{"count":1,"href":"https:\/\/www.vision-clinic.es\/ca\/wp-json\/wp\/v2\/posts\/13735\/revisions"}],"predecessor-version":[{"id":13736,"href":"https:\/\/www.vision-clinic.es\/ca\/wp-json\/wp\/v2\/posts\/13735\/revisions\/13736"}],"wp:featuredmedia":[{"embeddable":true,"href":"https:\/\/www.vision-clinic.es\/ca\/wp-json\/wp\/v2\/media\/13524"}],"wp:attachment":[{"href":"https:\/\/www.vision-clinic.es\/ca\/wp-json\/wp\/v2\/media?parent=13735"}],"wp:term":[{"taxonomy":"category","embeddable":true,"href":"https:\/\/www.vision-clinic.es\/ca\/wp-json\/wp\/v2\/categories?post=13735"},{"taxonomy":"post_tag","embeddable":true,"href":"https:\/\/www.vision-clinic.es\/ca\/wp-json\/wp\/v2\/tags?post=13735"},{"taxonomy":"autores","embeddable":true,"href":"https:\/\/www.vision-clinic.es\/ca\/wp-json\/wp\/v2\/autores?post=13735"},{"taxonomy":"tipo_de_blog","embeddable":true,"href":"https:\/\/www.vision-clinic.es\/ca\/wp-json\/wp\/v2\/tipo_de_blog?post=13735"}],"curies":[{"name":"wp","href":"https:\/\/api.w.org\/{rel}","templated":true}]}}