{"id":14012,"date":"2025-09-06T15:05:17","date_gmt":"2025-09-06T15:05:17","guid":{"rendered":"https:\/\/www.vision-clinic.es\/uveitis-per-infeccions-virals-les-mes-comunes-i-de-gran-impacte-ocular\/"},"modified":"2025-09-06T15:07:06","modified_gmt":"2025-09-06T15:07:06","slug":"uveitis-per-infeccions-virals-les-mes-comunes-i-de-gran-impacte-ocular","status":"publish","type":"post","link":"https:\/\/www.vision-clinic.es\/ca\/uveitis-per-infeccions-virals-les-mes-comunes-i-de-gran-impacte-ocular\/","title":{"rendered":"Uve\u00eftis per infeccions virals: les m\u00e9s comunes i de gran impacte ocular"},"content":{"rendered":"\t\t<div data-elementor-type=\"wp-post\" data-elementor-id=\"14012\" class=\"elementor elementor-14012 elementor-13999\" data-elementor-post-type=\"post\">\n\t\t\t\t\t\t<section class=\"elementor-section elementor-top-section elementor-element elementor-element-2e79c5e elementor-section-boxed elementor-section-height-default elementor-section-height-default\" data-id=\"2e79c5e\" data-element_type=\"section\" data-e-type=\"section\">\n\t\t\t\t\t\t<div class=\"elementor-container elementor-column-gap-default\">\n\t\t\t\t\t<div class=\"elementor-column elementor-col-100 elementor-top-column elementor-element elementor-element-130c974\" data-id=\"130c974\" data-element_type=\"column\" data-e-type=\"column\">\n\t\t\t<div class=\"elementor-widget-wrap elementor-element-populated\">\n\t\t\t\t\t\t<div class=\"elementor-element elementor-element-d6ff41f elementor-widget elementor-widget-text-editor\" data-id=\"d6ff41f\" data-element_type=\"widget\" data-e-type=\"widget\" data-widget_type=\"text-editor.default\">\n\t\t\t\t<div class=\"elementor-widget-container\">\n\t\t\t\t\t\t\t\t\t<p class=\"boto2\" align=\"left\"><strong>Sabies que diverses malalties infeccioses poden causar uve\u00eftis? Entre elles, tres virus destaquen com a principals responsables: herpes simple, varicel\u00b7la z\u00f2ster i citomegalovirus. Encara que poc coneguda per la poblaci\u00f3 general, la uve\u00eftis pot ser greu i afectar de manera important la salut ocular si no es diagnostica i tracta a temps. Ho parlem amb Alfredo Ad\u00e1n, referent internacional d&#8217;uve\u00eftis.   <\/strong><\/p>\t\t\t\t\t\t\t\t<\/div>\n\t\t\t\t<\/div>\n\t\t\t\t<div class=\"elementor-element elementor-element-5257815 elementor-widget elementor-widget-heading\" data-id=\"5257815\" data-element_type=\"widget\" data-e-type=\"widget\" data-widget_type=\"heading.default\">\n\t\t\t\t<div class=\"elementor-widget-container\">\n\t\t\t\t\t<h2 class=\"elementor-heading-title elementor-size-medium\">Uve\u00eftis d'origen infecci\u00f3s<\/h2>\t\t\t\t<\/div>\n\t\t\t\t<\/div>\n\t\t\t\t<div class=\"elementor-element elementor-element-74b872a elementor-widget elementor-widget-text-editor\" data-id=\"74b872a\" data-element_type=\"widget\" data-e-type=\"widget\" data-widget_type=\"text-editor.default\">\n\t\t\t\t<div class=\"elementor-widget-container\">\n\t\t\t\t\t\t\t\t\t<p>La uve\u00eftis \u00e9s una inflamaci\u00f3 de l&#8217;\u00favea, la capa interm\u00e8dia de l&#8217;ull que inclou l&#8217;iris, el cos ciliar i la coroide. El seu origen pot ser divers: malalties autoimmunes, traumatismes o infeccions. Dins aquestes darreres, els virus esmentats \u2014herpes simple, varicel\u00b7la z\u00f2ster i citomegalovirus\u2014 tenen un paper destacat. De fet, s\u00f3n la causa m\u00e9s comuna de les uve\u00eftis infeccioses.   <\/p>\t\t\t\t\t\t\t\t<\/div>\n\t\t\t\t<\/div>\n\t\t\t\t<div class=\"elementor-element elementor-element-77ff125 elementor-widget elementor-widget-heading\" data-id=\"77ff125\" data-element_type=\"widget\" data-e-type=\"widget\" data-widget_type=\"heading.default\">\n\t\t\t\t<div class=\"elementor-widget-container\">\n\t\t\t\t\t<h2 class=\"elementor-heading-title elementor-size-medium\">Com es manifesten les uve\u00eftis d'origen viral<\/h2>\t\t\t\t<\/div>\n\t\t\t\t<\/div>\n\t\t\t\t<div class=\"elementor-element elementor-element-6420571 elementor-widget elementor-widget-text-editor\" data-id=\"6420571\" data-element_type=\"widget\" data-e-type=\"widget\" data-widget_type=\"text-editor.default\">\n\t\t\t\t<div class=\"elementor-widget-container\">\n\t\t\t\t\t\t\t\t\t<p align=\"left\">Depenent de la localitzaci\u00f3 en qu\u00e8 actuen, aquestes infeccions poden causar uve\u00eftis de diferent complexitat:<\/p>\t\t\t\t\t\t\t\t<\/div>\n\t\t\t\t<\/div>\n\t\t\t\t<div class=\"elementor-element elementor-element-8301e45 elementor-widget elementor-widget-text-editor\" data-id=\"8301e45\" data-element_type=\"widget\" data-e-type=\"widget\" data-widget_type=\"text-editor.default\">\n\t\t\t\t<div class=\"elementor-widget-container\">\n\t\t\t\t\t\t\t\t\t<p align=\"left\"><strong>&#8211; Quan afecten la part anterior de l&#8217;ull,<\/strong> solen presentar-se amb inflamaci\u00f3 i pressi\u00f3 intraocular elevada.<\/p>\t\t\t\t\t\t\t\t<\/div>\n\t\t\t\t<\/div>\n\t\t\t\t<div class=\"elementor-element elementor-element-49e4dff elementor-widget elementor-widget-text-editor\" data-id=\"49e4dff\" data-element_type=\"widget\" data-e-type=\"widget\" data-widget_type=\"text-editor.default\">\n\t\t\t\t<div class=\"elementor-widget-container\">\n\t\t\t\t\t\t\t\t\t<p align=\"left\"><strong>&#8211; Quan afecten la retina,<\/strong> el diagn\u00f2stic es torna m\u00e9s complicat i el quadre cl\u00ednic \u00e9s molt m\u00e9s greu, podent comprometre seriosament la visi\u00f3<\/p>\t\t\t\t\t\t\t\t<\/div>\n\t\t\t\t<\/div>\n\t\t\t\t\t<\/div>\n\t\t<\/div>\n\t\t\t\t\t<\/div>\n\t\t<\/section>\n\t\t\t\t<section class=\"elementor-section elementor-inner-section elementor-element elementor-element-f94dad9 elementor-section-content-middle elementor-section-boxed elementor-section-height-default elementor-section-height-default\" data-id=\"f94dad9\" data-element_type=\"section\" data-e-type=\"section\">\n\t\t\t\t\t\t<div class=\"elementor-container elementor-column-gap-custom\">\n\t\t\t\t\t<div class=\"elementor-column elementor-col-50 elementor-inner-column elementor-element elementor-element-68b8a42\" data-id=\"68b8a42\" data-element_type=\"column\" data-e-type=\"column\">\n\t\t\t<div class=\"elementor-widget-wrap elementor-element-populated\">\n\t\t\t\t\t\t<div class=\"elementor-element elementor-element-85051a2 elementor-widget elementor-widget-image\" data-id=\"85051a2\" data-element_type=\"widget\" data-e-type=\"widget\" data-widget_type=\"image.default\">\n\t\t\t\t<div class=\"elementor-widget-container\">\n\t\t\t\t\t\t\t\t\t\t\t\t\t\t\t<img decoding=\"async\" width=\"200\" height=\"202\" src=\"https:\/\/www.vision-clinic.es\/wp-content\/uploads\/2022\/02\/Alfredo-Adan-02-e1648225474763.png\" class=\"attachment-medium_large size-medium_large wp-image-9930\" alt=\"Dr. Alfredo Ad\u00e1n - Experto en enfermedades de retina y uve\u00edtis\" style=\"width:100%;height:101%;max-width:200px\" \/>\t\t\t\t\t\t\t\t\t\t\t\t\t\t\t<\/div>\n\t\t\t\t<\/div>\n\t\t\t\t<div class=\"elementor-element elementor-element-305a75b elementor-widget elementor-widget-text-editor\" data-id=\"305a75b\" data-element_type=\"widget\" data-e-type=\"widget\" data-widget_type=\"text-editor.default\">\n\t\t\t\t<div class=\"elementor-widget-container\">\n\t\t\t\t\t\t\t\t\t<p style=\"text-align: center;\">Alfredo Ad\u00e1n<\/p>\t\t\t\t\t\t\t\t<\/div>\n\t\t\t\t<\/div>\n\t\t\t\t\t<\/div>\n\t\t<\/div>\n\t\t\t\t<div class=\"elementor-column elementor-col-50 elementor-inner-column elementor-element elementor-element-58ed91d\" data-id=\"58ed91d\" data-element_type=\"column\" data-e-type=\"column\">\n\t\t\t<div class=\"elementor-widget-wrap elementor-element-populated\">\n\t\t\t\t\t\t<div class=\"elementor-element elementor-element-1b1d30e elementor-widget elementor-widget-heading\" data-id=\"1b1d30e\" data-element_type=\"widget\" data-e-type=\"widget\" data-widget_type=\"heading.default\">\n\t\t\t\t<div class=\"elementor-widget-container\">\n\t\t\t\t\t<h4 class=\"elementor-heading-title elementor-size-medium\">\"L'\u00fanica manera de diagnosticar aquest tipus d'uve\u00eftis \u00e9s fer una presa de mostres de la cambra anterior i una PCR en humor aqu\u00f3s. Per aix\u00f2 \u00e9s clau con\u00e8ixer l'exist\u00e8ncia d'aquest tipus de patologies\" <\/h4>\t\t\t\t<\/div>\n\t\t\t\t<\/div>\n\t\t\t\t\t<\/div>\n\t\t<\/div>\n\t\t\t\t\t<\/div>\n\t\t<\/section>\n\t\t\t\t<section class=\"elementor-section elementor-top-section elementor-element elementor-element-b214f9a elementor-section-boxed elementor-section-height-default elementor-section-height-default\" data-id=\"b214f9a\" data-element_type=\"section\" data-e-type=\"section\">\n\t\t\t\t\t\t<div class=\"elementor-container elementor-column-gap-default\">\n\t\t\t\t\t<div class=\"elementor-column elementor-col-100 elementor-top-column elementor-element elementor-element-acb0807\" data-id=\"acb0807\" data-element_type=\"column\" data-e-type=\"column\">\n\t\t\t<div class=\"elementor-widget-wrap elementor-element-populated\">\n\t\t\t\t\t\t<div class=\"elementor-element elementor-element-8ac9bee elementor-widget elementor-widget-spacer\" data-id=\"8ac9bee\" data-element_type=\"widget\" data-e-type=\"widget\" data-widget_type=\"spacer.default\">\n\t\t\t\t<div class=\"elementor-widget-container\">\n\t\t\t\t\t\t\t<div class=\"elementor-spacer\">\n\t\t\t<div class=\"elementor-spacer-inner\"><\/div>\n\t\t<\/div>\n\t\t\t\t\t\t<\/div>\n\t\t\t\t<\/div>\n\t\t\t\t\t<\/div>\n\t\t<\/div>\n\t\t\t\t\t<\/div>\n\t\t<\/section>\n\t\t\t\t<section class=\"elementor-section elementor-top-section elementor-element elementor-element-fdfd530 elementor-section-boxed elementor-section-height-default elementor-section-height-default\" data-id=\"fdfd530\" data-element_type=\"section\" data-e-type=\"section\">\n\t\t\t\t\t\t<div class=\"elementor-container elementor-column-gap-default\">\n\t\t\t\t\t<div class=\"elementor-column elementor-col-100 elementor-top-column elementor-element elementor-element-ea7e91a\" data-id=\"ea7e91a\" data-element_type=\"column\" data-e-type=\"column\">\n\t\t\t<div class=\"elementor-widget-wrap elementor-element-populated\">\n\t\t\t\t\t\t<div class=\"elementor-element elementor-element-8f7dac7 elementor-widget elementor-widget-html\" data-id=\"8f7dac7\" data-element_type=\"widget\" data-e-type=\"widget\" data-widget_type=\"html.default\">\n\t\t\t\t<div class=\"elementor-widget-container\">\n\t\t\t\t\t<div align=\"center\"><iframe title=\"YouTube video player\" src=\"https:\/\/www.youtube.com\/embed\/L8Gl8peq_j8\" width=\"250\" height=\"500\" frameborder=\"0\" allowfullscreen=\"allowfullscreen\"><span data-mce-type=\"bookmark\" style=\"display: inline-block; width: 0px; overflow: hidden; line-height: 0;\" class=\"mce_SELRES_start\"><\/span><span data-mce-type=\"bookmark\" style=\"display: inline-block; width: 0px; overflow: hidden; line-height: 0;\" class=\"mce_SELRES_start\"><\/span><span data-mce-type=\"bookmark\" style=\"display: inline-block; width: 0px; overflow: hidden; line-height: 0;\" class=\"mce_SELRES_start\"><\/span><\/iframe><\/div>\t\t\t\t<\/div>\n\t\t\t\t<\/div>\n\t\t\t\t\t<\/div>\n\t\t<\/div>\n\t\t\t\t\t<\/div>\n\t\t<\/section>\n\t\t\t\t<section class=\"elementor-section elementor-top-section elementor-element elementor-element-140ca56 elementor-section-boxed elementor-section-height-default elementor-section-height-default\" data-id=\"140ca56\" data-element_type=\"section\" data-e-type=\"section\">\n\t\t\t\t\t\t<div class=\"elementor-container elementor-column-gap-default\">\n\t\t\t\t\t<div class=\"elementor-column elementor-col-100 elementor-top-column elementor-element elementor-element-3c5755b\" data-id=\"3c5755b\" data-element_type=\"column\" data-e-type=\"column\">\n\t\t\t<div class=\"elementor-widget-wrap elementor-element-populated\">\n\t\t\t\t\t\t<section class=\"elementor-section elementor-inner-section elementor-element elementor-element-12019d9 elementor-section-boxed elementor-section-height-default elementor-section-height-default\" data-id=\"12019d9\" data-element_type=\"section\" data-e-type=\"section\">\n\t\t\t\t\t\t<div class=\"elementor-container elementor-column-gap-default\">\n\t\t\t\t\t<div class=\"elementor-column elementor-col-100 elementor-inner-column elementor-element elementor-element-ef501de\" data-id=\"ef501de\" data-element_type=\"column\" data-e-type=\"column\">\n\t\t\t<div class=\"elementor-widget-wrap elementor-element-populated\">\n\t\t\t\t\t\t<div class=\"elementor-element elementor-element-fa81ca3 elementor-widget elementor-widget-heading\" data-id=\"fa81ca3\" data-element_type=\"widget\" data-e-type=\"widget\" data-widget_type=\"heading.default\">\n\t\t\t\t<div class=\"elementor-widget-container\">\n\t\t\t\t\t<h2 class=\"elementor-heading-title elementor-size-medium\">S\u00edmptomes i diagn\u00f2stic de la uve\u00eftis infecciosa\n<\/h2>\t\t\t\t<\/div>\n\t\t\t\t<\/div>\n\t\t\t\t<div class=\"elementor-element elementor-element-8b83235 elementor-widget elementor-widget-text-editor\" data-id=\"8b83235\" data-element_type=\"widget\" data-e-type=\"widget\" data-widget_type=\"text-editor.default\">\n\t\t\t\t<div class=\"elementor-widget-container\">\n\t\t\t\t\t\t\t\t\t<p>Els s\u00edmptomes m\u00e9s habituals de la uve\u00eftis inclouen <strong data-start=\"245\" data-end=\"391\">dolor ocular, envermelliment, sensibilitat a la llum (fotof\u00f2bia), visi\u00f3 borrosa i, en alguns casos, l&#8217;aparici\u00f3 de taques o mosques volants<\/strong> al camp visual. La presentaci\u00f3 pot variar en funci\u00f3 de la zona de l&#8217;ull afectada i de la gravetat del quadre. <\/p>\t\t\t\t\t\t\t\t<\/div>\n\t\t\t\t<\/div>\n\t\t\t\t<div class=\"elementor-element elementor-element-949bc05 elementor-widget elementor-widget-text-editor\" data-id=\"949bc05\" data-element_type=\"widget\" data-e-type=\"widget\" data-widget_type=\"text-editor.default\">\n\t\t\t\t<div class=\"elementor-widget-container\">\n\t\t\t\t\t\t\t\t\t<p>El diagn\u00f2stic requereix una exploraci\u00f3 oftalmol\u00f2gica completa i, en els casos de sospita d&#8217;origen infecci\u00f3s, la realitzaci\u00f3 de <strong data-start=\"640\" data-end=\"732\">proves espec\u00edfiques com ara la presa de mostres de l&#8217;humor aqu\u00f3s per a an\u00e0lisis mitjan\u00e7ant PCR<\/strong> , que permeten identificar amb precisi\u00f3 el virus responsable i orientar el tractament adequat.<\/p>\t\t\t\t\t\t\t\t<\/div>\n\t\t\t\t<\/div>\n\t\t\t\t<div class=\"elementor-element elementor-element-f17a6f5 elementor-widget elementor-widget-heading\" data-id=\"f17a6f5\" data-element_type=\"widget\" data-e-type=\"widget\" data-widget_type=\"heading.default\">\n\t\t\t\t<div class=\"elementor-widget-container\">\n\t\t\t\t\t<h2 class=\"elementor-heading-title elementor-size-medium\">Import\u00e0ncia del diagn\u00f2stic preco\u00e7\n<\/h2>\t\t\t\t<\/div>\n\t\t\t\t<\/div>\n\t\t\t\t<div class=\"elementor-element elementor-element-1c08146 elementor-widget elementor-widget-text-editor\" data-id=\"1c08146\" data-element_type=\"widget\" data-e-type=\"widget\" data-widget_type=\"text-editor.default\">\n\t\t\t\t<div class=\"elementor-widget-container\">\n\t\t\t\t\t\t\t\t\t<p>Un diagn\u00f2stic primerenc permet instaurar com m\u00e9s aviat millor el tractament adequat, reduint el risc de complicacions i millorant el pron\u00f2stic visual del pacient. Retardar lestudi duna uve\u00eftis de possible origen viral pot tenir conseq\u00fc\u00e8ncies irreversibles. <\/p>\t\t\t\t\t\t\t\t<\/div>\n\t\t\t\t<\/div>\n\t\t\t\t<div class=\"elementor-element elementor-element-c4ed4f2 elementor-widget elementor-widget-heading\" data-id=\"c4ed4f2\" data-element_type=\"widget\" data-e-type=\"widget\" data-widget_type=\"heading.default\">\n\t\t\t\t<div class=\"elementor-widget-container\">\n\t\t\t\t\t<h2 class=\"elementor-heading-title elementor-size-medium\">Els reptes de les uve\u00eftis  \n<\/h2>\t\t\t\t<\/div>\n\t\t\t\t<\/div>\n\t\t\t\t<div class=\"elementor-element elementor-element-9426b3a elementor-widget elementor-widget-text-editor\" data-id=\"9426b3a\" data-element_type=\"widget\" data-e-type=\"widget\" data-widget_type=\"text-editor.default\">\n\t\t\t\t<div class=\"elementor-widget-container\">\n\t\t\t\t\t\t\t\t\t<p>Tot i que es considera la \u201cgran desconeguda\u201d de l&#8217;oftalmologia, la uve\u00eftis afecta unes <strong data-start=\"2287\" data-end=\"2316\">47.000 persones a Espanya<\/strong> . Difondre coneixement sobre aquesta patologia \u00e9s fonamental perqu\u00e8 tant pacients com a professionals sanitaris puguin recon\u00e8ixer els seus s\u00edmptomes i acudir a especialistes en el moment oport\u00fa. <\/p>\t\t\t\t\t\t\t\t<\/div>\n\t\t\t\t<\/div>\n\t\t\t\t<div class=\"elementor-element elementor-element-b7f8321 elementor-widget elementor-widget-text-editor\" data-id=\"b7f8321\" data-element_type=\"widget\" data-e-type=\"widget\" data-widget_type=\"text-editor.default\">\n\t\t\t\t<div class=\"elementor-widget-container\">\n\t\t\t\t\t\t\t\t\t<p>A m\u00e9s, Ad\u00e1n i part del nostre equip m\u00e8dic, com a membres del Cl\u00ednic Barcelona, investiguen aquesta inflamaci\u00f3 ocular. Realitzen estudis cl\u00ednics i experimentals d&#8217;uve\u00eftis infeccioses i immunomediades, aix\u00ed com l&#8217;aplicaci\u00f3 de noves t\u00e8cniques d&#8217;imatge per estudiar-ne els factors de risc, i realitzen assajos cl\u00ednics de nous f\u00e0rmacs. <\/p>\t\t\t\t\t\t\t\t<\/div>\n\t\t\t\t<\/div>\n\t\t\t\t\t<\/div>\n\t\t<\/div>\n\t\t\t\t\t<\/div>\n\t\t<\/section>\n\t\t\t\t\t<\/div>\n\t\t<\/div>\n\t\t\t\t\t<\/div>\n\t\t<\/section>\n\t\t\t\t<section class=\"elementor-section elementor-inner-section elementor-element elementor-element-9d626c1 elementor-section-content-middle elementor-section-boxed elementor-section-height-default elementor-section-height-default\" data-id=\"9d626c1\" data-element_type=\"section\" data-e-type=\"section\">\n\t\t\t\t\t\t<div class=\"elementor-container elementor-column-gap-custom\">\n\t\t\t\t\t<div class=\"elementor-column elementor-col-50 elementor-inner-column elementor-element elementor-element-514646e\" data-id=\"514646e\" data-element_type=\"column\" data-e-type=\"column\">\n\t\t\t<div class=\"elementor-widget-wrap elementor-element-populated\">\n\t\t\t\t\t\t<div class=\"elementor-element elementor-element-d1f7e23 elementor-widget elementor-widget-image\" data-id=\"d1f7e23\" data-element_type=\"widget\" data-e-type=\"widget\" data-widget_type=\"image.default\">\n\t\t\t\t<div class=\"elementor-widget-container\">\n\t\t\t\t\t\t\t\t\t\t\t\t\t\t\t<img decoding=\"async\" width=\"200\" height=\"202\" src=\"https:\/\/www.vision-clinic.es\/wp-content\/uploads\/2022\/02\/Alfredo-Adan-02-e1648225474763.png\" class=\"attachment-medium_large size-medium_large wp-image-9930\" alt=\"Dr. Alfredo Ad\u00e1n - Experto en enfermedades de retina y uve\u00edtis\" style=\"width:100%;height:101%;max-width:200px\" \/>\t\t\t\t\t\t\t\t\t\t\t\t\t\t\t<\/div>\n\t\t\t\t<\/div>\n\t\t\t\t<div class=\"elementor-element elementor-element-cb2d849 elementor-widget elementor-widget-text-editor\" data-id=\"cb2d849\" data-element_type=\"widget\" data-e-type=\"widget\" data-widget_type=\"text-editor.default\">\n\t\t\t\t<div class=\"elementor-widget-container\">\n\t\t\t\t\t\t\t\t\t<p style=\"text-align: center;\">Alfredo Ad\u00e1n<\/p>\t\t\t\t\t\t\t\t<\/div>\n\t\t\t\t<\/div>\n\t\t\t\t\t<\/div>\n\t\t<\/div>\n\t\t\t\t<div class=\"elementor-column elementor-col-50 elementor-inner-column elementor-element elementor-element-b05de95\" data-id=\"b05de95\" data-element_type=\"column\" data-e-type=\"column\">\n\t\t\t<div class=\"elementor-widget-wrap elementor-element-populated\">\n\t\t\t\t\t\t<div class=\"elementor-element elementor-element-45745a7 elementor-widget elementor-widget-heading\" data-id=\"45745a7\" data-element_type=\"widget\" data-e-type=\"widget\" data-widget_type=\"heading.default\">\n\t\t\t\t<div class=\"elementor-widget-container\">\n\t\t\t\t\t<h4 class=\"elementor-heading-title elementor-size-medium\">\"Detectar la uve\u00eftis a temps ens permet fer tractaments amb f\u00e0rmacs biol\u00f2gics que permeten preservar l'agudesa visual a llarg termini i controlar el curs evolutiu de la malaltia\"<\/h4>\t\t\t\t<\/div>\n\t\t\t\t<\/div>\n\t\t\t\t\t<\/div>\n\t\t<\/div>\n\t\t\t\t\t<\/div>\n\t\t<\/section>\n\t\t\t\t<section class=\"elementor-section elementor-top-section elementor-element elementor-element-1d4cfc6 elementor-section-boxed elementor-section-height-default elementor-section-height-default\" data-id=\"1d4cfc6\" data-element_type=\"section\" data-e-type=\"section\">\n\t\t\t\t\t\t<div class=\"elementor-container elementor-column-gap-default\">\n\t\t\t\t\t<div class=\"elementor-column elementor-col-100 elementor-top-column elementor-element elementor-element-4c4f719\" data-id=\"4c4f719\" data-element_type=\"column\" data-e-type=\"column\">\n\t\t\t<div class=\"elementor-widget-wrap elementor-element-populated\">\n\t\t\t\t\t\t<div class=\"elementor-element elementor-element-34ea38c elementor-widget elementor-widget-spacer\" data-id=\"34ea38c\" data-element_type=\"widget\" data-e-type=\"widget\" data-widget_type=\"spacer.default\">\n\t\t\t\t<div class=\"elementor-widget-container\">\n\t\t\t\t\t\t\t<div class=\"elementor-spacer\">\n\t\t\t<div class=\"elementor-spacer-inner\"><\/div>\n\t\t<\/div>\n\t\t\t\t\t\t<\/div>\n\t\t\t\t<\/div>\n\t\t\t\t\t<\/div>\n\t\t<\/div>\n\t\t\t\t\t<\/div>\n\t\t<\/section>\n\t\t\t\t<section class=\"elementor-section elementor-top-section elementor-element elementor-element-cb93686 elementor-section-boxed elementor-section-height-default elementor-section-height-default\" data-id=\"cb93686\" data-element_type=\"section\" data-e-type=\"section\" data-settings=\"{&quot;background_background&quot;:&quot;classic&quot;}\">\n\t\t\t\t\t\t<div class=\"elementor-container elementor-column-gap-default\">\n\t\t\t\t\t<div class=\"elementor-column elementor-col-100 elementor-top-column elementor-element elementor-element-52b8887\" data-id=\"52b8887\" data-element_type=\"column\" data-e-type=\"column\">\n\t\t\t<div class=\"elementor-widget-wrap elementor-element-populated\">\n\t\t\t\t\t\t<div class=\"elementor-element elementor-element-e435fcf elementor-cta--skin-cover elementor-widget elementor-widget-call-to-action\" data-id=\"e435fcf\" data-element_type=\"widget\" data-e-type=\"widget\" data-settings=\"{&quot;_animation&quot;:&quot;none&quot;}\" data-widget_type=\"call-to-action.default\">\n\t\t\t\t<div class=\"elementor-widget-container\">\n\t\t\t\t\t\t\t<div class=\"elementor-cta\">\n\t\t\t\t\t<div class=\"elementor-cta__bg-wrapper\">\n\t\t\t\t<div class=\"elementor-cta__bg elementor-bg\" style=\"background-image: url();\" role=\"img\" aria-label=\"\"><\/div>\n\t\t\t\t<div class=\"elementor-cta__bg-overlay\"><\/div>\n\t\t\t<\/div>\n\t\t\t\t\t\t\t<div class=\"elementor-cta__content\">\n\t\t\t\t\n\t\t\t\t\t\t\t\t\t<h2 class=\"elementor-cta__title elementor-cta__content-item elementor-content-item\">\n\t\t\t\t\t\tVOLS M\u00c9S INFORMACI\u00d3 SOBRE LES UVE\u00cdTIS O DESITGES CONTACTAR AMB EL DR. ALFREDO AD\u00c1N?\t\t\t\t\t<\/h2>\n\t\t\t\t\n\t\t\t\t\n\t\t\t\t\t\t\t\t\t<div class=\"elementor-cta__button-wrapper elementor-cta__content-item elementor-content-item \">\n\t\t\t\t\t<a class=\"elementor-cta__button elementor-button elementor-size-\" href=\"#elementor-action%3Aaction%3Dpopup%3Aopen%26settings%3DeyJpZCI6MTAwMjQsInRvZ2dsZSI6ZmFsc2V9\">\n\t\t\t\t\t\tDEMANA UNA CITA\t\t\t\t\t<\/a>\n\t\t\t\t\t<\/div>\n\t\t\t\t\t\t\t<\/div>\n\t\t\t\t\t\t<\/div>\n\t\t\t\t\t\t<\/div>\n\t\t\t\t<\/div>\n\t\t\t\t\t<\/div>\n\t\t<\/div>\n\t\t\t\t\t<\/div>\n\t\t<\/section>\n\t\t\t\t<section class=\"elementor-section elementor-top-section elementor-element elementor-element-c6593ad elementor-section-boxed elementor-section-height-default elementor-section-height-default\" data-id=\"c6593ad\" data-element_type=\"section\" data-e-type=\"section\">\n\t\t\t\t\t\t<div class=\"elementor-container elementor-column-gap-default\">\n\t\t\t\t\t<div class=\"elementor-column elementor-col-100 elementor-top-column elementor-element elementor-element-11e830b\" data-id=\"11e830b\" data-element_type=\"column\" data-e-type=\"column\">\n\t\t\t<div class=\"elementor-widget-wrap elementor-element-populated\">\n\t\t\t\t\t\t<div class=\"elementor-element elementor-element-8ad44ee elementor-widget elementor-widget-spacer\" data-id=\"8ad44ee\" data-element_type=\"widget\" data-e-type=\"widget\" data-widget_type=\"spacer.default\">\n\t\t\t\t<div class=\"elementor-widget-container\">\n\t\t\t\t\t\t\t<div class=\"elementor-spacer\">\n\t\t\t<div class=\"elementor-spacer-inner\"><\/div>\n\t\t<\/div>\n\t\t\t\t\t\t<\/div>\n\t\t\t\t<\/div>\n\t\t\t\t\t<\/div>\n\t\t<\/div>\n\t\t\t\t\t<\/div>\n\t\t<\/section>\n\t\t\t\t<\/div>\n\t\t","protected":false},"excerpt":{"rendered":"<p>Sabies que diverses malalties infeccioses poden causar uve\u00eftis? Entre elles, tres virus destaquen com a principals responsables: herpes simple, varicel\u00b7la z\u00f2ster i citomegalovirus. &#8220;La seva detecci\u00f3 primerenca \u00e9s essencial per poder fer-hi front&#8221;, explica Alfredo Ad\u00e1n.  <\/p>\n","protected":false},"author":3,"featured_media":14006,"comment_status":"open","ping_status":"open","sticky":false,"template":"","format":"standard","meta":{"_acf_changed":false,"footnotes":""},"categories":[167],"tags":[302,317,316,300,250,153,301],"autores":[34],"tipo_de_blog":[46],"class_list":["post-14012","post","type-post","status-publish","format-standard","has-post-thumbnail","hentry","category-uveitis-ca","tag-alfredo-adan-ca","tag-impacte","tag-infeccions","tag-injeccions-intravitrees","tag-macula-ca","tag-retina-ca","tag-uveitis-ca","autores-dr-alfredo-adan","tipo_de_blog-visionblog","entry"],"acf":[],"yoast_head":"<!-- This site is optimized with the Yoast SEO plugin v27.4 - https:\/\/yoast.com\/product\/yoast-seo-wordpress\/ -->\n<title>Uve\u00eftis per infeccions virals: les m\u00e9s comunes i de gran impacte ocular - visi\u00f5ncl\u00ednic<\/title>\n<meta name=\"description\" content=\"Sabies que diverses malalties infeccioses poden causar uve\u00eftis? L&#039;herpes simple, varicel\u00b7la z\u00f2ster i citomegalovirus.\" \/>\n<meta name=\"robots\" content=\"index, follow, max-snippet:-1, max-image-preview:large, max-video-preview:-1\" \/>\n<link rel=\"canonical\" href=\"https:\/\/www.vision-clinic.es\/ca\/uveitis-per-infeccions-virals-les-mes-comunes-i-de-gran-impacte-ocular\/\" \/>\n<meta property=\"og:locale\" content=\"ca_ES\" \/>\n<meta property=\"og:type\" content=\"article\" \/>\n<meta property=\"og:title\" content=\"Uve\u00eftis per infeccions virals: les m\u00e9s comunes i de gran impacte ocular - visi\u00f5ncl\u00ednic\" \/>\n<meta property=\"og:description\" content=\"Sabies que diverses malalties infeccioses poden causar uve\u00eftis? L&#039;herpes simple, varicel\u00b7la z\u00f2ster i citomegalovirus.\" \/>\n<meta property=\"og:url\" content=\"https:\/\/www.vision-clinic.es\/ca\/uveitis-per-infeccions-virals-les-mes-comunes-i-de-gran-impacte-ocular\/\" \/>\n<meta property=\"og:site_name\" content=\"visi\u00f5ncl\u00ednic\" \/>\n<meta property=\"article:published_time\" content=\"2025-09-06T15:05:17+00:00\" \/>\n<meta property=\"article:modified_time\" content=\"2025-09-06T15:07:06+00:00\" \/>\n<meta property=\"og:image\" content=\"https:\/\/www.vision-clinic.es\/wp-content\/uploads\/2025\/09\/uveitis-infecciosas-03.jpg\" \/>\n\t<meta property=\"og:image:width\" content=\"814\" \/>\n\t<meta property=\"og:image:height\" content=\"651\" \/>\n\t<meta property=\"og:image:type\" content=\"image\/jpeg\" \/>\n<meta name=\"author\" content=\"lai.amoros\" \/>\n<meta name=\"twitter:card\" content=\"summary_large_image\" \/>\n<meta name=\"twitter:label1\" content=\"Escrit per\" \/>\n\t<meta name=\"twitter:data1\" content=\"lai.amoros\" \/>\n\t<meta name=\"twitter:label2\" content=\"Temps estimat de lectura\" \/>\n\t<meta name=\"twitter:data2\" content=\"3 minuts\" \/>\n<script type=\"application\/ld+json\" class=\"yoast-schema-graph\">{\"@context\":\"https:\\\/\\\/schema.org\",\"@graph\":[{\"@type\":\"Article\",\"@id\":\"https:\\\/\\\/www.vision-clinic.es\\\/ca\\\/uveitis-per-infeccions-virals-les-mes-comunes-i-de-gran-impacte-ocular\\\/#article\",\"isPartOf\":{\"@id\":\"https:\\\/\\\/www.vision-clinic.es\\\/ca\\\/uveitis-per-infeccions-virals-les-mes-comunes-i-de-gran-impacte-ocular\\\/\"},\"author\":{\"name\":\"lai.amoros\",\"@id\":\"https:\\\/\\\/www.vision-clinic.es\\\/#\\\/schema\\\/person\\\/2eb955a187e138d5f5c87cca23469c77\"},\"headline\":\"Uve\u00eftis per infeccions virals: les m\u00e9s comunes i de gran impacte ocular\",\"datePublished\":\"2025-09-06T15:05:17+00:00\",\"dateModified\":\"2025-09-06T15:07:06+00:00\",\"mainEntityOfPage\":{\"@id\":\"https:\\\/\\\/www.vision-clinic.es\\\/ca\\\/uveitis-per-infeccions-virals-les-mes-comunes-i-de-gran-impacte-ocular\\\/\"},\"wordCount\":589,\"commentCount\":0,\"publisher\":{\"@id\":\"https:\\\/\\\/www.vision-clinic.es\\\/#organization\"},\"image\":{\"@id\":\"https:\\\/\\\/www.vision-clinic.es\\\/ca\\\/uveitis-per-infeccions-virals-les-mes-comunes-i-de-gran-impacte-ocular\\\/#primaryimage\"},\"thumbnailUrl\":\"https:\\\/\\\/www.vision-clinic.es\\\/wp-content\\\/uploads\\\/2025\\\/09\\\/uveitis-infecciosas-03.jpg\",\"keywords\":[\"Alfredo Adan\",\"impacte\",\"infeccions\",\"injeccions intrav\u00edtrees\",\"m\u00e0cula\",\"Retina\",\"uve\u00eftis\"],\"articleSection\":[\"Uve\u00eftis\"],\"inLanguage\":\"ca\",\"potentialAction\":[{\"@type\":\"CommentAction\",\"name\":\"Comment\",\"target\":[\"https:\\\/\\\/www.vision-clinic.es\\\/ca\\\/uveitis-per-infeccions-virals-les-mes-comunes-i-de-gran-impacte-ocular\\\/#respond\"]}]},{\"@type\":\"WebPage\",\"@id\":\"https:\\\/\\\/www.vision-clinic.es\\\/ca\\\/uveitis-per-infeccions-virals-les-mes-comunes-i-de-gran-impacte-ocular\\\/\",\"url\":\"https:\\\/\\\/www.vision-clinic.es\\\/ca\\\/uveitis-per-infeccions-virals-les-mes-comunes-i-de-gran-impacte-ocular\\\/\",\"name\":\"Uve\u00eftis per infeccions virals: les m\u00e9s comunes i de gran impacte ocular - visi\u00f5ncl\u00ednic\",\"isPartOf\":{\"@id\":\"https:\\\/\\\/www.vision-clinic.es\\\/#website\"},\"primaryImageOfPage\":{\"@id\":\"https:\\\/\\\/www.vision-clinic.es\\\/ca\\\/uveitis-per-infeccions-virals-les-mes-comunes-i-de-gran-impacte-ocular\\\/#primaryimage\"},\"image\":{\"@id\":\"https:\\\/\\\/www.vision-clinic.es\\\/ca\\\/uveitis-per-infeccions-virals-les-mes-comunes-i-de-gran-impacte-ocular\\\/#primaryimage\"},\"thumbnailUrl\":\"https:\\\/\\\/www.vision-clinic.es\\\/wp-content\\\/uploads\\\/2025\\\/09\\\/uveitis-infecciosas-03.jpg\",\"datePublished\":\"2025-09-06T15:05:17+00:00\",\"dateModified\":\"2025-09-06T15:07:06+00:00\",\"description\":\"Sabies que diverses malalties infeccioses poden causar uve\u00eftis? L'herpes simple, varicel\u00b7la z\u00f2ster i citomegalovirus.\",\"breadcrumb\":{\"@id\":\"https:\\\/\\\/www.vision-clinic.es\\\/ca\\\/uveitis-per-infeccions-virals-les-mes-comunes-i-de-gran-impacte-ocular\\\/#breadcrumb\"},\"inLanguage\":\"ca\",\"potentialAction\":[{\"@type\":\"ReadAction\",\"target\":[\"https:\\\/\\\/www.vision-clinic.es\\\/ca\\\/uveitis-per-infeccions-virals-les-mes-comunes-i-de-gran-impacte-ocular\\\/\"]}]},{\"@type\":\"ImageObject\",\"inLanguage\":\"ca\",\"@id\":\"https:\\\/\\\/www.vision-clinic.es\\\/ca\\\/uveitis-per-infeccions-virals-les-mes-comunes-i-de-gran-impacte-ocular\\\/#primaryimage\",\"url\":\"https:\\\/\\\/www.vision-clinic.es\\\/wp-content\\\/uploads\\\/2025\\\/09\\\/uveitis-infecciosas-03.jpg\",\"contentUrl\":\"https:\\\/\\\/www.vision-clinic.es\\\/wp-content\\\/uploads\\\/2025\\\/09\\\/uveitis-infecciosas-03.jpg\",\"width\":814,\"height\":651},{\"@type\":\"BreadcrumbList\",\"@id\":\"https:\\\/\\\/www.vision-clinic.es\\\/ca\\\/uveitis-per-infeccions-virals-les-mes-comunes-i-de-gran-impacte-ocular\\\/#breadcrumb\",\"itemListElement\":[{\"@type\":\"ListItem\",\"position\":1,\"name\":\"Portada\",\"item\":\"https:\\\/\\\/www.vision-clinic.es\\\/\"},{\"@type\":\"ListItem\",\"position\":2,\"name\":\"Uve\u00eftis per infeccions virals: les m\u00e9s comunes i de gran impacte ocular\"}]},{\"@type\":\"WebSite\",\"@id\":\"https:\\\/\\\/www.vision-clinic.es\\\/#website\",\"url\":\"https:\\\/\\\/www.vision-clinic.es\\\/\",\"name\":\"visi\u00f5ncl\u00ednic\",\"description\":\"Cl\u00ednica oftalmol\u00f3gica de barnacl\u00ednic+ y Cl\u00ednicas Mi |\u00a0El val\u00f5r de ver bi\u00e9n\",\"publisher\":{\"@id\":\"https:\\\/\\\/www.vision-clinic.es\\\/#organization\"},\"potentialAction\":[{\"@type\":\"SearchAction\",\"target\":{\"@type\":\"EntryPoint\",\"urlTemplate\":\"https:\\\/\\\/www.vision-clinic.es\\\/?s={search_term_string}\"},\"query-input\":{\"@type\":\"PropertyValueSpecification\",\"valueRequired\":true,\"valueName\":\"search_term_string\"}}],\"inLanguage\":\"ca\"},{\"@type\":\"Organization\",\"@id\":\"https:\\\/\\\/www.vision-clinic.es\\\/#organization\",\"name\":\"visi\u00f5ncl\u00ednic\",\"url\":\"https:\\\/\\\/www.vision-clinic.es\\\/\",\"logo\":{\"@type\":\"ImageObject\",\"inLanguage\":\"ca\",\"@id\":\"https:\\\/\\\/www.vision-clinic.es\\\/#\\\/schema\\\/logo\\\/image\\\/\",\"url\":\"https:\\\/\\\/www.vision-clinic.es\\\/wp-content\\\/uploads\\\/2021\\\/10\\\/logo-web-visionclinic-cob.png\",\"contentUrl\":\"https:\\\/\\\/www.vision-clinic.es\\\/wp-content\\\/uploads\\\/2021\\\/10\\\/logo-web-visionclinic-cob.png\",\"width\":395,\"height\":100,\"caption\":\"visi\u00f5ncl\u00ednic\"},\"image\":{\"@id\":\"https:\\\/\\\/www.vision-clinic.es\\\/#\\\/schema\\\/logo\\\/image\\\/\"}},{\"@type\":\"Person\",\"@id\":\"https:\\\/\\\/www.vision-clinic.es\\\/#\\\/schema\\\/person\\\/2eb955a187e138d5f5c87cca23469c77\",\"name\":\"lai.amoros\",\"sameAs\":[\"http:\\\/\\\/antaviana\"],\"url\":\"https:\\\/\\\/www.vision-clinic.es\\\/ca\\\/author\\\/lai-amoros\\\/\"}]}<\/script>\n<!-- \/ Yoast SEO plugin. -->","yoast_head_json":{"title":"Uve\u00eftis per infeccions virals: les m\u00e9s comunes i de gran impacte ocular - visi\u00f5ncl\u00ednic","description":"Sabies que diverses malalties infeccioses poden causar uve\u00eftis? L'herpes simple, varicel\u00b7la z\u00f2ster i citomegalovirus.","robots":{"index":"index","follow":"follow","max-snippet":"max-snippet:-1","max-image-preview":"max-image-preview:large","max-video-preview":"max-video-preview:-1"},"canonical":"https:\/\/www.vision-clinic.es\/ca\/uveitis-per-infeccions-virals-les-mes-comunes-i-de-gran-impacte-ocular\/","og_locale":"ca_ES","og_type":"article","og_title":"Uve\u00eftis per infeccions virals: les m\u00e9s comunes i de gran impacte ocular - visi\u00f5ncl\u00ednic","og_description":"Sabies que diverses malalties infeccioses poden causar uve\u00eftis? L'herpes simple, varicel\u00b7la z\u00f2ster i citomegalovirus.","og_url":"https:\/\/www.vision-clinic.es\/ca\/uveitis-per-infeccions-virals-les-mes-comunes-i-de-gran-impacte-ocular\/","og_site_name":"visi\u00f5ncl\u00ednic","article_published_time":"2025-09-06T15:05:17+00:00","article_modified_time":"2025-09-06T15:07:06+00:00","og_image":[{"width":814,"height":651,"url":"https:\/\/www.vision-clinic.es\/wp-content\/uploads\/2025\/09\/uveitis-infecciosas-03.jpg","type":"image\/jpeg"}],"author":"lai.amoros","twitter_card":"summary_large_image","twitter_misc":{"Escrit per":"lai.amoros","Temps estimat de lectura":"3 minuts"},"schema":{"@context":"https:\/\/schema.org","@graph":[{"@type":"Article","@id":"https:\/\/www.vision-clinic.es\/ca\/uveitis-per-infeccions-virals-les-mes-comunes-i-de-gran-impacte-ocular\/#article","isPartOf":{"@id":"https:\/\/www.vision-clinic.es\/ca\/uveitis-per-infeccions-virals-les-mes-comunes-i-de-gran-impacte-ocular\/"},"author":{"name":"lai.amoros","@id":"https:\/\/www.vision-clinic.es\/#\/schema\/person\/2eb955a187e138d5f5c87cca23469c77"},"headline":"Uve\u00eftis per infeccions virals: les m\u00e9s comunes i de gran impacte ocular","datePublished":"2025-09-06T15:05:17+00:00","dateModified":"2025-09-06T15:07:06+00:00","mainEntityOfPage":{"@id":"https:\/\/www.vision-clinic.es\/ca\/uveitis-per-infeccions-virals-les-mes-comunes-i-de-gran-impacte-ocular\/"},"wordCount":589,"commentCount":0,"publisher":{"@id":"https:\/\/www.vision-clinic.es\/#organization"},"image":{"@id":"https:\/\/www.vision-clinic.es\/ca\/uveitis-per-infeccions-virals-les-mes-comunes-i-de-gran-impacte-ocular\/#primaryimage"},"thumbnailUrl":"https:\/\/www.vision-clinic.es\/wp-content\/uploads\/2025\/09\/uveitis-infecciosas-03.jpg","keywords":["Alfredo Adan","impacte","infeccions","injeccions intrav\u00edtrees","m\u00e0cula","Retina","uve\u00eftis"],"articleSection":["Uve\u00eftis"],"inLanguage":"ca","potentialAction":[{"@type":"CommentAction","name":"Comment","target":["https:\/\/www.vision-clinic.es\/ca\/uveitis-per-infeccions-virals-les-mes-comunes-i-de-gran-impacte-ocular\/#respond"]}]},{"@type":"WebPage","@id":"https:\/\/www.vision-clinic.es\/ca\/uveitis-per-infeccions-virals-les-mes-comunes-i-de-gran-impacte-ocular\/","url":"https:\/\/www.vision-clinic.es\/ca\/uveitis-per-infeccions-virals-les-mes-comunes-i-de-gran-impacte-ocular\/","name":"Uve\u00eftis per infeccions virals: les m\u00e9s comunes i de gran impacte ocular - visi\u00f5ncl\u00ednic","isPartOf":{"@id":"https:\/\/www.vision-clinic.es\/#website"},"primaryImageOfPage":{"@id":"https:\/\/www.vision-clinic.es\/ca\/uveitis-per-infeccions-virals-les-mes-comunes-i-de-gran-impacte-ocular\/#primaryimage"},"image":{"@id":"https:\/\/www.vision-clinic.es\/ca\/uveitis-per-infeccions-virals-les-mes-comunes-i-de-gran-impacte-ocular\/#primaryimage"},"thumbnailUrl":"https:\/\/www.vision-clinic.es\/wp-content\/uploads\/2025\/09\/uveitis-infecciosas-03.jpg","datePublished":"2025-09-06T15:05:17+00:00","dateModified":"2025-09-06T15:07:06+00:00","description":"Sabies que diverses malalties infeccioses poden causar uve\u00eftis? L'herpes simple, varicel\u00b7la z\u00f2ster i citomegalovirus.","breadcrumb":{"@id":"https:\/\/www.vision-clinic.es\/ca\/uveitis-per-infeccions-virals-les-mes-comunes-i-de-gran-impacte-ocular\/#breadcrumb"},"inLanguage":"ca","potentialAction":[{"@type":"ReadAction","target":["https:\/\/www.vision-clinic.es\/ca\/uveitis-per-infeccions-virals-les-mes-comunes-i-de-gran-impacte-ocular\/"]}]},{"@type":"ImageObject","inLanguage":"ca","@id":"https:\/\/www.vision-clinic.es\/ca\/uveitis-per-infeccions-virals-les-mes-comunes-i-de-gran-impacte-ocular\/#primaryimage","url":"https:\/\/www.vision-clinic.es\/wp-content\/uploads\/2025\/09\/uveitis-infecciosas-03.jpg","contentUrl":"https:\/\/www.vision-clinic.es\/wp-content\/uploads\/2025\/09\/uveitis-infecciosas-03.jpg","width":814,"height":651},{"@type":"BreadcrumbList","@id":"https:\/\/www.vision-clinic.es\/ca\/uveitis-per-infeccions-virals-les-mes-comunes-i-de-gran-impacte-ocular\/#breadcrumb","itemListElement":[{"@type":"ListItem","position":1,"name":"Portada","item":"https:\/\/www.vision-clinic.es\/"},{"@type":"ListItem","position":2,"name":"Uve\u00eftis per infeccions virals: les m\u00e9s comunes i de gran impacte ocular"}]},{"@type":"WebSite","@id":"https:\/\/www.vision-clinic.es\/#website","url":"https:\/\/www.vision-clinic.es\/","name":"visi\u00f5ncl\u00ednic","description":"Cl\u00ednica oftalmol\u00f3gica de barnacl\u00ednic+ y Cl\u00ednicas Mi |\u00a0El val\u00f5r de ver bi\u00e9n","publisher":{"@id":"https:\/\/www.vision-clinic.es\/#organization"},"potentialAction":[{"@type":"SearchAction","target":{"@type":"EntryPoint","urlTemplate":"https:\/\/www.vision-clinic.es\/?s={search_term_string}"},"query-input":{"@type":"PropertyValueSpecification","valueRequired":true,"valueName":"search_term_string"}}],"inLanguage":"ca"},{"@type":"Organization","@id":"https:\/\/www.vision-clinic.es\/#organization","name":"visi\u00f5ncl\u00ednic","url":"https:\/\/www.vision-clinic.es\/","logo":{"@type":"ImageObject","inLanguage":"ca","@id":"https:\/\/www.vision-clinic.es\/#\/schema\/logo\/image\/","url":"https:\/\/www.vision-clinic.es\/wp-content\/uploads\/2021\/10\/logo-web-visionclinic-cob.png","contentUrl":"https:\/\/www.vision-clinic.es\/wp-content\/uploads\/2021\/10\/logo-web-visionclinic-cob.png","width":395,"height":100,"caption":"visi\u00f5ncl\u00ednic"},"image":{"@id":"https:\/\/www.vision-clinic.es\/#\/schema\/logo\/image\/"}},{"@type":"Person","@id":"https:\/\/www.vision-clinic.es\/#\/schema\/person\/2eb955a187e138d5f5c87cca23469c77","name":"lai.amoros","sameAs":["http:\/\/antaviana"],"url":"https:\/\/www.vision-clinic.es\/ca\/author\/lai-amoros\/"}]}},"_links":{"self":[{"href":"https:\/\/www.vision-clinic.es\/ca\/wp-json\/wp\/v2\/posts\/14012","targetHints":{"allow":["GET"]}}],"collection":[{"href":"https:\/\/www.vision-clinic.es\/ca\/wp-json\/wp\/v2\/posts"}],"about":[{"href":"https:\/\/www.vision-clinic.es\/ca\/wp-json\/wp\/v2\/types\/post"}],"author":[{"embeddable":true,"href":"https:\/\/www.vision-clinic.es\/ca\/wp-json\/wp\/v2\/users\/3"}],"replies":[{"embeddable":true,"href":"https:\/\/www.vision-clinic.es\/ca\/wp-json\/wp\/v2\/comments?post=14012"}],"version-history":[{"count":3,"href":"https:\/\/www.vision-clinic.es\/ca\/wp-json\/wp\/v2\/posts\/14012\/revisions"}],"predecessor-version":[{"id":14015,"href":"https:\/\/www.vision-clinic.es\/ca\/wp-json\/wp\/v2\/posts\/14012\/revisions\/14015"}],"wp:featuredmedia":[{"embeddable":true,"href":"https:\/\/www.vision-clinic.es\/ca\/wp-json\/wp\/v2\/media\/14006"}],"wp:attachment":[{"href":"https:\/\/www.vision-clinic.es\/ca\/wp-json\/wp\/v2\/media?parent=14012"}],"wp:term":[{"taxonomy":"category","embeddable":true,"href":"https:\/\/www.vision-clinic.es\/ca\/wp-json\/wp\/v2\/categories?post=14012"},{"taxonomy":"post_tag","embeddable":true,"href":"https:\/\/www.vision-clinic.es\/ca\/wp-json\/wp\/v2\/tags?post=14012"},{"taxonomy":"autores","embeddable":true,"href":"https:\/\/www.vision-clinic.es\/ca\/wp-json\/wp\/v2\/autores?post=14012"},{"taxonomy":"tipo_de_blog","embeddable":true,"href":"https:\/\/www.vision-clinic.es\/ca\/wp-json\/wp\/v2\/tipo_de_blog?post=14012"}],"curies":[{"name":"wp","href":"https:\/\/api.w.org\/{rel}","templated":true}]}}