{"id":11038,"date":"2023-01-11T09:18:05","date_gmt":"2023-01-11T09:18:05","guid":{"rendered":"https:\/\/www.vision-clinic.es\/pars-planitis-a-common-eye-inflammation-in-childhood\/"},"modified":"2025-03-07T11:05:48","modified_gmt":"2025-03-07T11:05:48","slug":"pars-planitis-a-common-eye-inflammation-in-childhood","status":"publish","type":"post","link":"https:\/\/www.vision-clinic.es\/en\/pars-planitis-a-common-eye-inflammation-in-childhood\/","title":{"rendered":"Pars planitis, a common eye inflammation in childhood"},"content":{"rendered":"\t\t<div data-elementor-type=\"wp-post\" data-elementor-id=\"11038\" class=\"elementor elementor-11038 elementor-10423\" data-elementor-post-type=\"post\">\n\t\t\t\t\t\t<section class=\"elementor-section elementor-top-section elementor-element elementor-element-a9ef1dc elementor-section-boxed elementor-section-height-default elementor-section-height-default\" data-id=\"a9ef1dc\" data-element_type=\"section\" data-e-type=\"section\">\n\t\t\t\t\t\t<div class=\"elementor-container elementor-column-gap-default\">\n\t\t\t\t\t<div class=\"elementor-column elementor-col-100 elementor-top-column elementor-element elementor-element-442c71a\" data-id=\"442c71a\" data-element_type=\"column\" data-e-type=\"column\">\n\t\t\t<div class=\"elementor-widget-wrap elementor-element-populated\">\n\t\t\t\t\t\t<section class=\"elementor-section elementor-inner-section elementor-element elementor-element-9759ccb elementor-section-boxed elementor-section-height-default elementor-section-height-default\" data-id=\"9759ccb\" data-element_type=\"section\" data-e-type=\"section\">\n\t\t\t\t\t\t<div class=\"elementor-container elementor-column-gap-default\">\n\t\t\t\t\t<div class=\"elementor-column elementor-col-100 elementor-inner-column elementor-element elementor-element-2ce0429\" data-id=\"2ce0429\" data-element_type=\"column\" data-e-type=\"column\">\n\t\t\t<div class=\"elementor-widget-wrap elementor-element-populated\">\n\t\t\t\t\t\t<div class=\"elementor-element elementor-element-af76b56 elementor-widget elementor-widget-text-editor\" data-id=\"af76b56\" data-element_type=\"widget\" data-e-type=\"widget\" data-widget_type=\"text-editor.default\">\n\t\t\t\t<div class=\"elementor-widget-container\">\n\t\t\t\t\t\t\t\t\t<p>Pars planitis is an inflammation of a specific part of the eye called the pars plana, located in the most peripheral part of the retina. With very typical clinical signs, it is common to suffer from it in childhood. About the prognosis and treatment options we spoke with Dr. <a href=\"https:\/\/www.barnaclinic.com\/es\/cuadro-medico\/202\/alfredo\">Alfredo Adan<\/a>, specialist in uveitis at visi\u00f5nclinic.<\/p>\n\t\t\t\t\t\t\t\t<\/div>\n\t\t\t\t<\/div>\n\t\t\t\t\t<\/div>\n\t\t<\/div>\n\t\t\t\t\t<\/div>\n\t\t<\/section>\n\t\t\t\t\t<\/div>\n\t\t<\/div>\n\t\t\t\t\t<\/div>\n\t\t<\/section>\n\t\t\t\t<section class=\"elementor-section elementor-top-section elementor-element elementor-element-60dbff9 elementor-section-boxed elementor-section-height-default elementor-section-height-default\" data-id=\"60dbff9\" data-element_type=\"section\" data-e-type=\"section\">\n\t\t\t\t\t\t<div class=\"elementor-container elementor-column-gap-default\">\n\t\t\t\t\t<div class=\"elementor-column elementor-col-100 elementor-top-column elementor-element elementor-element-2c45310\" data-id=\"2c45310\" data-element_type=\"column\" data-e-type=\"column\">\n\t\t\t<div class=\"elementor-widget-wrap elementor-element-populated\">\n\t\t\t\t\t\t<div class=\"elementor-element elementor-element-56f00a3 elementor-widget elementor-widget-heading\" data-id=\"56f00a3\" data-element_type=\"widget\" data-e-type=\"widget\" data-widget_type=\"heading.default\">\n\t\t\t\t<div class=\"elementor-widget-container\">\n\t\t\t\t\t<h2 class=\"elementor-heading-title elementor-size-medium\">What is pars planitis?<\/h2>\t\t\t\t<\/div>\n\t\t\t\t<\/div>\n\t\t\t\t<section class=\"elementor-section elementor-inner-section elementor-element elementor-element-12724ed elementor-section-boxed elementor-section-height-default elementor-section-height-default\" data-id=\"12724ed\" data-element_type=\"section\" data-e-type=\"section\">\n\t\t\t\t\t\t<div class=\"elementor-container elementor-column-gap-default\">\n\t\t\t\t\t<div class=\"elementor-column elementor-col-100 elementor-inner-column elementor-element elementor-element-c52e2d0\" data-id=\"c52e2d0\" data-element_type=\"column\" data-e-type=\"column\">\n\t\t\t<div class=\"elementor-widget-wrap elementor-element-populated\">\n\t\t\t\t\t\t<div class=\"elementor-element elementor-element-17201d8 elementor-widget elementor-widget-text-editor\" data-id=\"17201d8\" data-element_type=\"widget\" data-e-type=\"widget\" data-widget_type=\"text-editor.default\">\n\t\t\t\t<div class=\"elementor-widget-container\">\n\t\t\t\t\t\t\t\t\t<p><span style=\"color: var( --e-global-color-text ); font-family: var( --e-global-typography-text-font-family ), Sans-serif; font-weight: var( --e-global-typography-text-font-weight ); font-size: var( --e-global-typography-ffd5103-font-size ); letter-spacing: var( --e-global-typography-ffd5103-letter-spacing );\">Pars<\/span> <span style=\"color: var( --e-global-color-text ); font-family: var( --e-global-typography-text-font-family ), Sans-serif; font-size: var( --e-global-typography-ffd5103-font-size ); letter-spacing: var( --e-global-typography-ffd5103-letter-spacing );\"><b> planitis<\/b><\/span><span style=\"color: var( --e-global-color-text ); font-family: var( --e-global-typography-text-font-family ), Sans-serif; font-weight: var( --e-global-typography-text-font-weight ); font-size: var( --e-global-typography-ffd5103-font-size ); letter-spacing: var( --e-global-typography-ffd5103-letter-spacing );\"> is a particular form of uveitis that is characterized by localized inflammation in an anatomical structure called pars plana. The pars plana is located in the most peripheral part of the retina. In pars planitis, the gel inside the eyeball, called the vitreous, is also inflamed. <\/span><\/p>\n\t\t\t\t\t\t\t\t<\/div>\n\t\t\t\t<\/div>\n\t\t\t\t<div class=\"elementor-element elementor-element-0a7622f elementor-widget elementor-widget-text-editor\" data-id=\"0a7622f\" data-element_type=\"widget\" data-e-type=\"widget\" data-widget_type=\"text-editor.default\">\n\t\t\t\t<div class=\"elementor-widget-container\">\n\t\t\t\t\t\t\t\t\t<p>This inflammation causes one of the most frequent signs of the disease: the presence of <b>floating bodies<\/b> in the vitreous due to the accumulation of inflammatory cells (in the image below). Sometimes these floating bodies can become very dense, producing great opacity and even causing significant loss of vision. <\/p>\n\t\t\t\t\t\t\t\t<\/div>\n\t\t\t\t<\/div>\n\t\t\t\t\t<\/div>\n\t\t<\/div>\n\t\t\t\t\t<\/div>\n\t\t<\/section>\n\t\t\t\t\t<\/div>\n\t\t<\/div>\n\t\t\t\t\t<\/div>\n\t\t<\/section>\n\t\t\t\t<section class=\"elementor-section elementor-top-section elementor-element elementor-element-c0305d7 elementor-section-boxed elementor-section-height-default elementor-section-height-default\" data-id=\"c0305d7\" data-element_type=\"section\" data-e-type=\"section\">\n\t\t\t\t\t\t<div class=\"elementor-container elementor-column-gap-default\">\n\t\t\t\t\t<div class=\"elementor-column elementor-col-100 elementor-top-column elementor-element elementor-element-723f04d\" data-id=\"723f04d\" data-element_type=\"column\" data-e-type=\"column\">\n\t\t\t<div class=\"elementor-widget-wrap elementor-element-populated\">\n\t\t\t\t\t\t<div class=\"elementor-element elementor-element-8854a56 elementor-widget elementor-widget-html\" data-id=\"8854a56\" data-element_type=\"widget\" data-e-type=\"widget\" data-widget_type=\"html.default\">\n\t\t\t\t<div class=\"elementor-widget-container\">\n\t\t\t\t\t<div align=\"center\"><iframe title=\"YouTube video player\" src=\"https:\/\/www.youtube.com\/embed\/oe8cN16GN94\" width=\"250\" height=\"500\" frameborder=\"0\" allowfullscreen=\"allowfullscreen\"><span data-mce-type=\"bookmark\" style=\"display: inline-block; width: 0px; overflow: hidden; line-height: 0;\" class=\"mce_SELRES_start\">\ufeff<\/span><span data-mce-type=\"bookmark\" style=\"display: inline-block; width: 0px; overflow: hidden; line-height: 0;\" class=\"mce_SELRES_start\">\ufeff<\/span><span data-mce-type=\"bookmark\" style=\"display: inline-block; width: 0px; overflow: hidden; line-height: 0;\" class=\"mce_SELRES_start\">\ufeff<\/span><\/iframe><\/div>\t\t\t\t<\/div>\n\t\t\t\t<\/div>\n\t\t\t\t\t<\/div>\n\t\t<\/div>\n\t\t\t\t\t<\/div>\n\t\t<\/section>\n\t\t\t\t<section class=\"elementor-section elementor-top-section elementor-element elementor-element-fe60302 elementor-section-boxed elementor-section-height-default elementor-section-height-default\" data-id=\"fe60302\" data-element_type=\"section\" data-e-type=\"section\">\n\t\t\t\t\t\t<div class=\"elementor-container elementor-column-gap-default\">\n\t\t\t\t\t<div class=\"elementor-column elementor-col-100 elementor-top-column elementor-element elementor-element-26be206\" data-id=\"26be206\" data-element_type=\"column\" data-e-type=\"column\">\n\t\t\t<div class=\"elementor-widget-wrap elementor-element-populated\">\n\t\t\t\t\t\t<div class=\"elementor-element elementor-element-415ceb4 elementor-widget elementor-widget-heading\" data-id=\"415ceb4\" data-element_type=\"widget\" data-e-type=\"widget\" data-widget_type=\"heading.default\">\n\t\t\t\t<div class=\"elementor-widget-container\">\n\t\t\t\t\t<h2 class=\"elementor-heading-title elementor-size-medium\">At what age is pars planitis usually diagnosed?<\/h2>\t\t\t\t<\/div>\n\t\t\t\t<\/div>\n\t\t\t\t<section class=\"elementor-section elementor-inner-section elementor-element elementor-element-630978a elementor-section-boxed elementor-section-height-default elementor-section-height-default\" data-id=\"630978a\" data-element_type=\"section\" data-e-type=\"section\">\n\t\t\t\t\t\t<div class=\"elementor-container elementor-column-gap-default\">\n\t\t\t\t\t<div class=\"elementor-column elementor-col-100 elementor-inner-column elementor-element elementor-element-bdddbea\" data-id=\"bdddbea\" data-element_type=\"column\" data-e-type=\"column\">\n\t\t\t<div class=\"elementor-widget-wrap elementor-element-populated\">\n\t\t\t\t\t\t<div class=\"elementor-element elementor-element-02ad697 elementor-widget elementor-widget-text-editor\" data-id=\"02ad697\" data-element_type=\"widget\" data-e-type=\"widget\" data-widget_type=\"text-editor.default\">\n\t\t\t\t<div class=\"elementor-widget-container\">\n\t\t\t\t\t\t\t\t\t<p>Pars planitis is more frequent in <b>childhood<\/b>, with some peculiarities linked to the pediatric age. In boys and girls, the pictures that we usually find in consultation tend to be more evolved: &#8220;since the eye is not red, it also goes unnoticed by parents and, in most cases, it is detected in a routine ophthalmological examination when the inflammation is very evolved&#8221;. <\/p>\n\t\t\t\t\t\t\t\t<\/div>\n\t\t\t\t<\/div>\n\t\t\t\t\t<\/div>\n\t\t<\/div>\n\t\t\t\t\t<\/div>\n\t\t<\/section>\n\t\t\t\t\t<\/div>\n\t\t<\/div>\n\t\t\t\t\t<\/div>\n\t\t<\/section>\n\t\t\t\t<section class=\"elementor-section elementor-top-section elementor-element elementor-element-5cbfd76 elementor-section-boxed elementor-section-height-default elementor-section-height-default\" data-id=\"5cbfd76\" data-element_type=\"section\" data-e-type=\"section\">\n\t\t\t\t\t\t<div class=\"elementor-container elementor-column-gap-default\">\n\t\t\t\t\t<div class=\"elementor-column elementor-col-100 elementor-top-column elementor-element elementor-element-303c05c\" data-id=\"303c05c\" data-element_type=\"column\" data-e-type=\"column\">\n\t\t\t<div class=\"elementor-widget-wrap elementor-element-populated\">\n\t\t\t\t\t\t<div class=\"elementor-element elementor-element-4dc9044 elementor-widget elementor-widget-heading\" data-id=\"4dc9044\" data-element_type=\"widget\" data-e-type=\"widget\" data-widget_type=\"heading.default\">\n\t\t\t\t<div class=\"elementor-widget-container\">\n\t\t\t\t\t<h2 class=\"elementor-heading-title elementor-size-medium\">What are the causes of this visual disturbance?<\/h2>\t\t\t\t<\/div>\n\t\t\t\t<\/div>\n\t\t\t\t<section class=\"elementor-section elementor-inner-section elementor-element elementor-element-1f43d6c elementor-section-boxed elementor-section-height-default elementor-section-height-default\" data-id=\"1f43d6c\" data-element_type=\"section\" data-e-type=\"section\">\n\t\t\t\t\t\t<div class=\"elementor-container elementor-column-gap-default\">\n\t\t\t\t\t<div class=\"elementor-column elementor-col-100 elementor-inner-column elementor-element elementor-element-7b6ad4c\" data-id=\"7b6ad4c\" data-element_type=\"column\" data-e-type=\"column\">\n\t\t\t<div class=\"elementor-widget-wrap elementor-element-populated\">\n\t\t\t\t\t\t<div class=\"elementor-element elementor-element-d946174 elementor-widget elementor-widget-text-editor\" data-id=\"d946174\" data-element_type=\"widget\" data-e-type=\"widget\" data-widget_type=\"text-editor.default\">\n\t\t\t\t<div class=\"elementor-widget-container\">\n\t\t\t\t\t\t\t\t\t<p>A key point that is also unknown in other uveitis is the mechanism that produces it. It is possible that the cause is linked to an autoimmune basis, but without association with any disease or infection outside the eye. Consequently, extensive laboratory and radiological studies are not recommended. It is a purely ocular uveitis. This point is of great importance to avoid unnecessary tests and excess concern for families.<\/p>\n\t\t\t\t\t\t\t\t<\/div>\n\t\t\t\t<\/div>\n\t\t\t\t\t<\/div>\n\t\t<\/div>\n\t\t\t\t\t<\/div>\n\t\t<\/section>\n\t\t\t\t<section class=\"elementor-section elementor-inner-section elementor-element elementor-element-2a425be elementor-section-content-middle elementor-section-boxed elementor-section-height-default elementor-section-height-default\" data-id=\"2a425be\" data-element_type=\"section\" data-e-type=\"section\">\n\t\t\t\t\t\t<div class=\"elementor-container elementor-column-gap-custom\">\n\t\t\t\t\t<div class=\"elementor-column elementor-col-50 elementor-inner-column elementor-element elementor-element-3804475\" data-id=\"3804475\" data-element_type=\"column\" data-e-type=\"column\">\n\t\t\t<div class=\"elementor-widget-wrap elementor-element-populated\">\n\t\t\t\t\t\t<div class=\"elementor-element elementor-element-437142a elementor-widget elementor-widget-image\" data-id=\"437142a\" data-element_type=\"widget\" data-e-type=\"widget\" data-widget_type=\"image.default\">\n\t\t\t\t<div class=\"elementor-widget-container\">\n\t\t\t\t\t\t\t\t\t\t\t\t\t\t\t<img decoding=\"async\" width=\"150\" height=\"152\" src=\"https:\/\/www.vision-clinic.es\/wp-content\/uploads\/2024\/06\/Alfredo-Adan-02-e1648225474763.png\" class=\"attachment-medium_large size-medium_large wp-image-13310\" alt=\"Alfredo Ad\u00e1n\" style=\"width:100%;height:101.33%;max-width:150px\" \/>\t\t\t\t\t\t\t\t\t\t\t\t\t\t\t<\/div>\n\t\t\t\t<\/div>\n\t\t\t\t<div class=\"elementor-element elementor-element-2fae56a elementor-widget elementor-widget-text-editor\" data-id=\"2fae56a\" data-element_type=\"widget\" data-e-type=\"widget\" data-widget_type=\"text-editor.default\">\n\t\t\t\t<div class=\"elementor-widget-container\">\n\t\t\t\t\t\t\t\t\t<p style=\"text-align: center;\">Dr. Alfredo Ad\u00e1n<\/p>\t\t\t\t\t\t\t\t<\/div>\n\t\t\t\t<\/div>\n\t\t\t\t\t<\/div>\n\t\t<\/div>\n\t\t\t\t<div class=\"elementor-column elementor-col-50 elementor-inner-column elementor-element elementor-element-23ca0a9\" data-id=\"23ca0a9\" data-element_type=\"column\" data-e-type=\"column\">\n\t\t\t<div class=\"elementor-widget-wrap elementor-element-populated\">\n\t\t\t\t\t\t<div class=\"elementor-element elementor-element-09e95e0 elementor-widget elementor-widget-heading\" data-id=\"09e95e0\" data-element_type=\"widget\" data-e-type=\"widget\" data-widget_type=\"heading.default\">\n\t\t\t\t<div class=\"elementor-widget-container\">\n\t\t\t\t\t<h4 class=\"elementor-heading-title elementor-size-medium\">Pars planitis is often associated with an incorrect functional development of vision, which is called lazy eye or amblyopia. Consequently, it is key to make a correct diagnosis of the ocular disorder and early treatment.<\/h4>\t\t\t\t<\/div>\n\t\t\t\t<\/div>\n\t\t\t\t\t<\/div>\n\t\t<\/div>\n\t\t\t\t\t<\/div>\n\t\t<\/section>\n\t\t\t\t\t<\/div>\n\t\t<\/div>\n\t\t\t\t\t<\/div>\n\t\t<\/section>\n\t\t\t\t<section class=\"elementor-section elementor-top-section elementor-element elementor-element-90844d3 elementor-section-boxed elementor-section-height-default elementor-section-height-default\" data-id=\"90844d3\" data-element_type=\"section\" data-e-type=\"section\">\n\t\t\t\t\t\t<div class=\"elementor-container elementor-column-gap-default\">\n\t\t\t\t\t<div class=\"elementor-column elementor-col-100 elementor-top-column elementor-element elementor-element-f861128\" data-id=\"f861128\" data-element_type=\"column\" data-e-type=\"column\">\n\t\t\t<div class=\"elementor-widget-wrap elementor-element-populated\">\n\t\t\t\t\t\t<div class=\"elementor-element elementor-element-28fe728 elementor-widget elementor-widget-heading\" data-id=\"28fe728\" data-element_type=\"widget\" data-e-type=\"widget\" data-widget_type=\"heading.default\">\n\t\t\t\t<div class=\"elementor-widget-container\">\n\t\t\t\t\t<h2 class=\"elementor-heading-title elementor-size-medium\">How can pars planitis in childhood be treated?<\/h2>\t\t\t\t<\/div>\n\t\t\t\t<\/div>\n\t\t\t\t<section class=\"elementor-section elementor-inner-section elementor-element elementor-element-a31ebae elementor-section-boxed elementor-section-height-default elementor-section-height-default\" data-id=\"a31ebae\" data-element_type=\"section\" data-e-type=\"section\">\n\t\t\t\t\t\t<div class=\"elementor-container elementor-column-gap-default\">\n\t\t\t\t\t<div class=\"elementor-column elementor-col-100 elementor-inner-column elementor-element elementor-element-e0005ed\" data-id=\"e0005ed\" data-element_type=\"column\" data-e-type=\"column\">\n\t\t\t<div class=\"elementor-widget-wrap elementor-element-populated\">\n\t\t\t\t\t\t<div class=\"elementor-element elementor-element-784b8e7 elementor-widget elementor-widget-text-editor\" data-id=\"784b8e7\" data-element_type=\"widget\" data-e-type=\"widget\" data-widget_type=\"text-editor.default\">\n\t\t\t\t<div class=\"elementor-widget-container\">\n\t\t\t\t\t\t\t\t\t<p>In a first stage, the treatment is based on the <b>administration of corticosteroids<\/b>. In children, it is preferable not to administer them by the general route (orally) due to the effects on growth retardation that they produce. For this reason, it is recommended to inject corticosteroids through infiltrations around the eyeball, triamcinolone being the most frequently used.<\/p>\n\t\t\t\t\t\t\t\t<\/div>\n\t\t\t\t<\/div>\n\t\t\t\t<div class=\"elementor-element elementor-element-67eb797 elementor-widget elementor-widget-text-editor\" data-id=\"67eb797\" data-element_type=\"widget\" data-e-type=\"widget\" data-widget_type=\"text-editor.default\">\n\t\t\t\t<div class=\"elementor-widget-container\">\n\t\t\t\t\t\t\t\t\t<p>Slow-release dexamethasone <b>intravitreal implants<\/b> can also be injected. In these cases, intraocular pressure should be especially controlled.<\/p>\n\t\t\t\t\t\t\t\t<\/div>\n\t\t\t\t<\/div>\n\t\t\t\t<div class=\"elementor-element elementor-element-e4e0da6 elementor-widget elementor-widget-text-editor\" data-id=\"e4e0da6\" data-element_type=\"widget\" data-e-type=\"widget\" data-widget_type=\"text-editor.default\">\n\t\t\t\t<div class=\"elementor-widget-container\">\n\t\t\t\t\t\t\t\t\t<p>If there is no adequate response to this treatment, surgery may be chosen. The operation is called <b>vitrectomy<\/b> and consists of removing the vitreous that contains the inflammatory cells resulting from inflammation. This procedure can achieve the healing of the patient. This technique is also used in cases of vitreous hemorrhage or retinal detachment that can be caused by pars planitis itself.<\/p>\n\t\t\t\t\t\t\t\t<\/div>\n\t\t\t\t<\/div>\n\t\t\t\t<div class=\"elementor-element elementor-element-abdf0cc elementor-widget elementor-widget-text-editor\" data-id=\"abdf0cc\" data-element_type=\"widget\" data-e-type=\"widget\" data-widget_type=\"text-editor.default\">\n\t\t\t\t<div class=\"elementor-widget-container\">\n\t\t\t\t\t\t\t\t\t<p>Other treatment options are <b>immunosuppressants or biologics<\/b>.<\/p>\n\t\t\t\t\t\t\t\t<\/div>\n\t\t\t\t<\/div>\n\t\t\t\t\t<\/div>\n\t\t<\/div>\n\t\t\t\t\t<\/div>\n\t\t<\/section>\n\t\t\t\t\t<\/div>\n\t\t<\/div>\n\t\t\t\t\t<\/div>\n\t\t<\/section>\n\t\t\t\t<section class=\"elementor-section elementor-top-section elementor-element elementor-element-c7d3205 elementor-section-boxed elementor-section-height-default elementor-section-height-default\" data-id=\"c7d3205\" data-element_type=\"section\" data-e-type=\"section\">\n\t\t\t\t\t\t<div class=\"elementor-container elementor-column-gap-default\">\n\t\t\t\t\t<div class=\"elementor-column elementor-col-100 elementor-top-column elementor-element elementor-element-6460e1d\" data-id=\"6460e1d\" data-element_type=\"column\" data-e-type=\"column\">\n\t\t\t<div class=\"elementor-widget-wrap elementor-element-populated\">\n\t\t\t\t\t\t<div class=\"elementor-element elementor-element-cb2d28d elementor-widget elementor-widget-image\" data-id=\"cb2d28d\" data-element_type=\"widget\" data-e-type=\"widget\" data-widget_type=\"image.default\">\n\t\t\t\t<div class=\"elementor-widget-container\">\n\t\t\t\t\t\t\t\t\t\t\t\t<figure class=\"wp-caption\">\n\t\t\t\t\t\t\t\t\t\t<img fetchpriority=\"high\" decoding=\"async\" width=\"750\" height=\"563\" src=\"https:\/\/www.vision-clinic.es\/wp-content\/uploads\/2022\/03\/PARS-PLANITIS.jpg\" class=\"attachment-large size-large wp-image-10430\" alt=\"\" srcset=\"https:\/\/www.vision-clinic.es\/wp-content\/uploads\/2022\/03\/PARS-PLANITIS.jpg 960w, https:\/\/www.vision-clinic.es\/wp-content\/uploads\/2022\/03\/PARS-PLANITIS-300x225.jpg 300w, https:\/\/www.vision-clinic.es\/wp-content\/uploads\/2022\/03\/PARS-PLANITIS-768x576.jpg 768w\" sizes=\"(max-width: 750px) 100vw, 750px\" style=\"width:100%;height:75%;max-width:960px\" \/>\t\t\t\t\t\t\t\t\t\t\t<figcaption class=\"widget-image-caption wp-caption-text\">Paciente con pars planitis. Flecha blanca se\u00f1ala ac\u00famulos celulares en el v\u00edtreo.  \n<\/figcaption>\n\t\t\t\t\t\t\t\t\t\t<\/figure>\n\t\t\t\t\t\t\t\t\t<\/div>\n\t\t\t\t<\/div>\n\t\t\t\t\t<\/div>\n\t\t<\/div>\n\t\t\t\t\t<\/div>\n\t\t<\/section>\n\t\t\t\t<section class=\"elementor-section elementor-top-section elementor-element elementor-element-d143fa7 elementor-section-boxed elementor-section-height-default elementor-section-height-default\" data-id=\"d143fa7\" data-element_type=\"section\" data-e-type=\"section\">\n\t\t\t\t\t\t<div class=\"elementor-container elementor-column-gap-default\">\n\t\t\t\t\t<div class=\"elementor-column elementor-col-100 elementor-top-column elementor-element elementor-element-e7151ae\" data-id=\"e7151ae\" data-element_type=\"column\" data-e-type=\"column\">\n\t\t\t<div class=\"elementor-widget-wrap elementor-element-populated\">\n\t\t\t\t\t\t<div class=\"elementor-element elementor-element-9af6115 elementor-widget elementor-widget-heading\" data-id=\"9af6115\" data-element_type=\"widget\" data-e-type=\"widget\" data-widget_type=\"heading.default\">\n\t\t\t\t<div class=\"elementor-widget-container\">\n\t\t\t\t\t<h2 class=\"elementor-heading-title elementor-size-medium\">Is it a disease with a good prognosis? <\/h2>\t\t\t\t<\/div>\n\t\t\t\t<\/div>\n\t\t\t\t<section class=\"elementor-section elementor-inner-section elementor-element elementor-element-28fa18a elementor-section-boxed elementor-section-height-default elementor-section-height-default\" data-id=\"28fa18a\" data-element_type=\"section\" data-e-type=\"section\">\n\t\t\t\t\t\t<div class=\"elementor-container elementor-column-gap-default\">\n\t\t\t\t\t<div class=\"elementor-column elementor-col-100 elementor-inner-column elementor-element elementor-element-2495ab2\" data-id=\"2495ab2\" data-element_type=\"column\" data-e-type=\"column\">\n\t\t\t<div class=\"elementor-widget-wrap elementor-element-populated\">\n\t\t\t\t\t\t<div class=\"elementor-element elementor-element-52bbb8b elementor-widget elementor-widget-text-editor\" data-id=\"52bbb8b\" data-element_type=\"widget\" data-e-type=\"widget\" data-widget_type=\"text-editor.default\">\n\t\t\t\t<div class=\"elementor-widget-container\">\n\t\t\t\t\t\t\t\t\t<p>In general, the disease has a good prognosis: a third of the cases do not require any treatment and are usually self-limiting. Cases treated early can also progress well and the disease tends to become inactivated.<\/p>\n\t\t\t\t\t\t\t\t<\/div>\n\t\t\t\t<\/div>\n\t\t\t\t\t<\/div>\n\t\t<\/div>\n\t\t\t\t\t<\/div>\n\t\t<\/section>\n\t\t\t\t\t<\/div>\n\t\t<\/div>\n\t\t\t\t\t<\/div>\n\t\t<\/section>\n\t\t\t\t<section class=\"elementor-section elementor-top-section elementor-element elementor-element-454c858 elementor-section-boxed elementor-section-height-default elementor-section-height-default\" data-id=\"454c858\" data-element_type=\"section\" data-e-type=\"section\">\n\t\t\t\t\t\t<div class=\"elementor-container elementor-column-gap-default\">\n\t\t\t\t\t<div class=\"elementor-column elementor-col-100 elementor-top-column elementor-element elementor-element-8d92aa2\" data-id=\"8d92aa2\" data-element_type=\"column\" data-e-type=\"column\">\n\t\t\t<div class=\"elementor-widget-wrap elementor-element-populated\">\n\t\t\t\t\t\t<section class=\"elementor-section elementor-inner-section elementor-element elementor-element-7ad3536 elementor-section-content-middle elementor-section-boxed elementor-section-height-default elementor-section-height-default\" data-id=\"7ad3536\" data-element_type=\"section\" data-e-type=\"section\">\n\t\t\t\t\t\t<div class=\"elementor-container elementor-column-gap-custom\">\n\t\t\t\t\t<div class=\"elementor-column elementor-col-50 elementor-inner-column elementor-element elementor-element-9f9106d\" data-id=\"9f9106d\" data-element_type=\"column\" data-e-type=\"column\">\n\t\t\t<div class=\"elementor-widget-wrap elementor-element-populated\">\n\t\t\t\t\t\t<div class=\"elementor-element elementor-element-2cde979 elementor-widget elementor-widget-image\" data-id=\"2cde979\" data-element_type=\"widget\" data-e-type=\"widget\" data-widget_type=\"image.default\">\n\t\t\t\t<div class=\"elementor-widget-container\">\n\t\t\t\t\t\t\t\t\t\t\t\t\t\t\t<img decoding=\"async\" width=\"150\" height=\"152\" src=\"https:\/\/www.vision-clinic.es\/wp-content\/uploads\/2024\/06\/Alfredo-Adan-02-e1648225474763.png\" class=\"attachment-medium_large size-medium_large wp-image-13310\" alt=\"Alfredo Ad\u00e1n\" style=\"width:100%;height:101.33%;max-width:150px\" \/>\t\t\t\t\t\t\t\t\t\t\t\t\t\t\t<\/div>\n\t\t\t\t<\/div>\n\t\t\t\t<div class=\"elementor-element elementor-element-374e150 elementor-widget elementor-widget-text-editor\" data-id=\"374e150\" data-element_type=\"widget\" data-e-type=\"widget\" data-widget_type=\"text-editor.default\">\n\t\t\t\t<div class=\"elementor-widget-container\">\n\t\t\t\t\t\t\t\t\t<p style=\"text-align: center;\">Dr. Alfredo Ad\u00e1n<\/p>\t\t\t\t\t\t\t\t<\/div>\n\t\t\t\t<\/div>\n\t\t\t\t\t<\/div>\n\t\t<\/div>\n\t\t\t\t<div class=\"elementor-column elementor-col-50 elementor-inner-column elementor-element elementor-element-9287371\" data-id=\"9287371\" data-element_type=\"column\" data-e-type=\"column\">\n\t\t\t<div class=\"elementor-widget-wrap elementor-element-populated\">\n\t\t\t\t\t\t<div class=\"elementor-element elementor-element-2a38851 elementor-widget elementor-widget-heading\" data-id=\"2a38851\" data-element_type=\"widget\" data-e-type=\"widget\" data-widget_type=\"heading.default\">\n\t\t\t\t<div class=\"elementor-widget-container\">\n\t\t\t\t\t<h4 class=\"elementor-heading-title elementor-size-medium\">In advanced cases of pars planitis, it can be accompanied by inflammation in the most central part of the retina in the form of macular edema. More rarely, it can cause intraocular hemorrhage or retinal detachment.<\/h4>\t\t\t\t<\/div>\n\t\t\t\t<\/div>\n\t\t\t\t\t<\/div>\n\t\t<\/div>\n\t\t\t\t\t<\/div>\n\t\t<\/section>\n\t\t\t\t\t<\/div>\n\t\t<\/div>\n\t\t\t\t\t<\/div>\n\t\t<\/section>\n\t\t\t\t<section class=\"elementor-section elementor-top-section elementor-element elementor-element-bbe3648 elementor-section-boxed elementor-section-height-default elementor-section-height-default\" data-id=\"bbe3648\" data-element_type=\"section\" data-e-type=\"section\">\n\t\t\t\t\t\t<div class=\"elementor-container elementor-column-gap-default\">\n\t\t\t\t\t<div class=\"elementor-column elementor-col-100 elementor-top-column elementor-element elementor-element-e9673db\" data-id=\"e9673db\" data-element_type=\"column\" data-e-type=\"column\">\n\t\t\t<div class=\"elementor-widget-wrap elementor-element-populated\">\n\t\t\t\t\t\t<div class=\"elementor-element elementor-element-f60f781 elementor-widget elementor-widget-heading\" data-id=\"f60f781\" data-element_type=\"widget\" data-e-type=\"widget\" data-widget_type=\"heading.default\">\n\t\t\t\t<div class=\"elementor-widget-container\">\n\t\t\t\t\t<h2 class=\"elementor-heading-title elementor-size-medium\">Can pars planitis occur in adulthood?<\/h2>\t\t\t\t<\/div>\n\t\t\t\t<\/div>\n\t\t\t\t<section class=\"elementor-section elementor-inner-section elementor-element elementor-element-2d28264 elementor-section-boxed elementor-section-height-default elementor-section-height-default\" data-id=\"2d28264\" data-element_type=\"section\" data-e-type=\"section\">\n\t\t\t\t\t\t<div class=\"elementor-container elementor-column-gap-default\">\n\t\t\t\t\t<div class=\"elementor-column elementor-col-100 elementor-inner-column elementor-element elementor-element-43ef7c3\" data-id=\"43ef7c3\" data-element_type=\"column\" data-e-type=\"column\">\n\t\t\t<div class=\"elementor-widget-wrap elementor-element-populated\">\n\t\t\t\t\t\t<div class=\"elementor-element elementor-element-5b0f564 elementor-widget elementor-widget-text-editor\" data-id=\"5b0f564\" data-element_type=\"widget\" data-e-type=\"widget\" data-widget_type=\"text-editor.default\">\n\t\t\t\t<div class=\"elementor-widget-container\">\n\t\t\t\t\t\t\t\t\t<p>In adulthood, the inflammatory disease is called <b>intermediate uveitis<\/b>, since the pars plana is usually not inflamed but the most peripheral retina is. Compared with pars planitis, it has a better visual prognosis, probably because the cases are less developed. However, there may be a higher incidence of macular edema.<\/p>\n\t\t\t\t\t\t\t\t<\/div>\n\t\t\t\t<\/div>\n\t\t\t\t\t<\/div>\n\t\t<\/div>\n\t\t\t\t\t<\/div>\n\t\t<\/section>\n\t\t\t\t\t<\/div>\n\t\t<\/div>\n\t\t\t\t\t<\/div>\n\t\t<\/section>\n\t\t\t\t<section class=\"elementor-section elementor-top-section elementor-element elementor-element-d59e658 elementor-section-boxed elementor-section-height-default elementor-section-height-default\" data-id=\"d59e658\" data-element_type=\"section\" data-e-type=\"section\">\n\t\t\t\t\t\t<div class=\"elementor-container elementor-column-gap-default\">\n\t\t\t\t\t<div class=\"elementor-column elementor-col-100 elementor-top-column elementor-element elementor-element-668e834\" data-id=\"668e834\" data-element_type=\"column\" data-e-type=\"column\">\n\t\t\t<div class=\"elementor-widget-wrap elementor-element-populated\">\n\t\t\t\t\t\t<div class=\"elementor-element elementor-element-d3de0ca elementor-widget-divider--view-line elementor-widget elementor-widget-divider\" data-id=\"d3de0ca\" data-element_type=\"widget\" data-e-type=\"widget\" data-widget_type=\"divider.default\">\n\t\t\t\t<div class=\"elementor-widget-container\">\n\t\t\t\t\t\t\t<div class=\"elementor-divider\">\n\t\t\t<span class=\"elementor-divider-separator\">\n\t\t\t\t\t\t<\/span>\n\t\t<\/div>\n\t\t\t\t\t\t<\/div>\n\t\t\t\t<\/div>\n\t\t\t\t\t<\/div>\n\t\t<\/div>\n\t\t\t\t\t<\/div>\n\t\t<\/section>\n\t\t\t\t<\/div>\n\t\t","protected":false},"excerpt":{"rendered":"<p>Pars planitis is an inflammation of a specific part of the eye called the pars plana, located in the most peripheral part of the retina. With very typical clinical signs, it is common to suffer from it in childhood. About prognosis and treatment options we spoke with Dr. Alfredo Adan, specialist in uveitis at visi\u00f5nclinic+.<\/p>\n","protected":false},"author":3,"featured_media":10437,"comment_status":"closed","ping_status":"closed","sticky":false,"template":"","format":"standard","meta":{"_acf_changed":false,"footnotes":""},"categories":[209],"tags":[215,127,213,196,214],"autores":[34],"tipo_de_blog":[46],"class_list":["post-11038","post","type-post","status-publish","format-standard","has-post-thumbnail","hentry","category-uveitis-en","tag-children","tag-neurooftalmologia","tag-pars-planitis","tag-retina-en","tag-uveitis","autores-dr-alfredo-adan","tipo_de_blog-visionblog","entry"],"acf":[],"yoast_head":"<!-- This site is optimized with the Yoast SEO plugin v27.4 - https:\/\/yoast.com\/product\/yoast-seo-wordpress\/ -->\n<title>Pars planitis, a common eye inflammation in childhood - visi\u00f5ncl\u00ednic<\/title>\n<meta name=\"description\" content=\"Pars planitis is an inflammation of a specific part of the eye, with typical clinical signs and frequent in childhood.\" \/>\n<meta name=\"robots\" content=\"index, follow, max-snippet:-1, max-image-preview:large, max-video-preview:-1\" \/>\n<link rel=\"canonical\" href=\"https:\/\/www.vision-clinic.es\/en\/pars-planitis-a-common-eye-inflammation-in-childhood\/\" \/>\n<meta property=\"og:locale\" content=\"en_US\" \/>\n<meta property=\"og:type\" content=\"article\" \/>\n<meta property=\"og:title\" content=\"Pars planitis, a common eye inflammation in childhood - visi\u00f5ncl\u00ednic\" \/>\n<meta property=\"og:description\" content=\"Pars planitis is an inflammation of a specific part of the eye, with typical clinical signs and frequent in childhood.\" \/>\n<meta property=\"og:url\" content=\"https:\/\/www.vision-clinic.es\/en\/pars-planitis-a-common-eye-inflammation-in-childhood\/\" \/>\n<meta property=\"og:site_name\" content=\"visi\u00f5ncl\u00ednic\" \/>\n<meta property=\"article:published_time\" content=\"2023-01-11T09:18:05+00:00\" \/>\n<meta property=\"article:modified_time\" content=\"2025-03-07T11:05:48+00:00\" \/>\n<meta property=\"og:image\" content=\"https:\/\/www.vision-clinic.es\/wp-content\/uploads\/2022\/03\/parsplanitis-infancia2.jpeg\" \/>\n\t<meta property=\"og:image:width\" content=\"2121\" \/>\n\t<meta property=\"og:image:height\" content=\"1414\" \/>\n\t<meta property=\"og:image:type\" content=\"image\/jpeg\" \/>\n<meta name=\"author\" content=\"lai.amoros\" \/>\n<meta name=\"twitter:card\" content=\"summary_large_image\" \/>\n<meta name=\"twitter:label1\" content=\"Written by\" \/>\n\t<meta name=\"twitter:data1\" content=\"lai.amoros\" \/>\n\t<meta name=\"twitter:label2\" content=\"Est. reading time\" \/>\n\t<meta name=\"twitter:data2\" content=\"4 minutes\" \/>\n<script type=\"application\/ld+json\" class=\"yoast-schema-graph\">{\"@context\":\"https:\\\/\\\/schema.org\",\"@graph\":[{\"@type\":\"Article\",\"@id\":\"https:\\\/\\\/www.vision-clinic.es\\\/en\\\/pars-planitis-a-common-eye-inflammation-in-childhood\\\/#article\",\"isPartOf\":{\"@id\":\"https:\\\/\\\/www.vision-clinic.es\\\/en\\\/pars-planitis-a-common-eye-inflammation-in-childhood\\\/\"},\"author\":{\"name\":\"lai.amoros\",\"@id\":\"https:\\\/\\\/www.vision-clinic.es\\\/#\\\/schema\\\/person\\\/2eb955a187e138d5f5c87cca23469c77\"},\"headline\":\"Pars planitis, a common eye inflammation in childhood\",\"datePublished\":\"2023-01-11T09:18:05+00:00\",\"dateModified\":\"2025-03-07T11:05:48+00:00\",\"mainEntityOfPage\":{\"@id\":\"https:\\\/\\\/www.vision-clinic.es\\\/en\\\/pars-planitis-a-common-eye-inflammation-in-childhood\\\/\"},\"wordCount\":658,\"publisher\":{\"@id\":\"https:\\\/\\\/www.vision-clinic.es\\\/#organization\"},\"image\":{\"@id\":\"https:\\\/\\\/www.vision-clinic.es\\\/en\\\/pars-planitis-a-common-eye-inflammation-in-childhood\\\/#primaryimage\"},\"thumbnailUrl\":\"https:\\\/\\\/www.vision-clinic.es\\\/wp-content\\\/uploads\\\/2022\\\/03\\\/parsplanitis-infancia2.jpeg\",\"keywords\":[\"children\",\"neurooftalmolog\u00eda\",\"pars planitis\",\"Retina\",\"uveitis\"],\"articleSection\":[\"Uveitis\"],\"inLanguage\":\"en-US\"},{\"@type\":\"WebPage\",\"@id\":\"https:\\\/\\\/www.vision-clinic.es\\\/en\\\/pars-planitis-a-common-eye-inflammation-in-childhood\\\/\",\"url\":\"https:\\\/\\\/www.vision-clinic.es\\\/en\\\/pars-planitis-a-common-eye-inflammation-in-childhood\\\/\",\"name\":\"Pars planitis, a common eye inflammation in childhood - visi\u00f5ncl\u00ednic\",\"isPartOf\":{\"@id\":\"https:\\\/\\\/www.vision-clinic.es\\\/#website\"},\"primaryImageOfPage\":{\"@id\":\"https:\\\/\\\/www.vision-clinic.es\\\/en\\\/pars-planitis-a-common-eye-inflammation-in-childhood\\\/#primaryimage\"},\"image\":{\"@id\":\"https:\\\/\\\/www.vision-clinic.es\\\/en\\\/pars-planitis-a-common-eye-inflammation-in-childhood\\\/#primaryimage\"},\"thumbnailUrl\":\"https:\\\/\\\/www.vision-clinic.es\\\/wp-content\\\/uploads\\\/2022\\\/03\\\/parsplanitis-infancia2.jpeg\",\"datePublished\":\"2023-01-11T09:18:05+00:00\",\"dateModified\":\"2025-03-07T11:05:48+00:00\",\"description\":\"Pars planitis is an inflammation of a specific part of the eye, with typical clinical signs and frequent in childhood.\",\"breadcrumb\":{\"@id\":\"https:\\\/\\\/www.vision-clinic.es\\\/en\\\/pars-planitis-a-common-eye-inflammation-in-childhood\\\/#breadcrumb\"},\"inLanguage\":\"en-US\",\"potentialAction\":[{\"@type\":\"ReadAction\",\"target\":[\"https:\\\/\\\/www.vision-clinic.es\\\/en\\\/pars-planitis-a-common-eye-inflammation-in-childhood\\\/\"]}]},{\"@type\":\"ImageObject\",\"inLanguage\":\"en-US\",\"@id\":\"https:\\\/\\\/www.vision-clinic.es\\\/en\\\/pars-planitis-a-common-eye-inflammation-in-childhood\\\/#primaryimage\",\"url\":\"https:\\\/\\\/www.vision-clinic.es\\\/wp-content\\\/uploads\\\/2022\\\/03\\\/parsplanitis-infancia2.jpeg\",\"contentUrl\":\"https:\\\/\\\/www.vision-clinic.es\\\/wp-content\\\/uploads\\\/2022\\\/03\\\/parsplanitis-infancia2.jpeg\",\"width\":2121,\"height\":1414,\"caption\":\"Eyes of a beautiful girl with long eyelashes close-up\"},{\"@type\":\"BreadcrumbList\",\"@id\":\"https:\\\/\\\/www.vision-clinic.es\\\/en\\\/pars-planitis-a-common-eye-inflammation-in-childhood\\\/#breadcrumb\",\"itemListElement\":[{\"@type\":\"ListItem\",\"position\":1,\"name\":\"Portada\",\"item\":\"https:\\\/\\\/www.vision-clinic.es\\\/en\\\/visionclinic-barnaclinic-ophthalmology-clinic-barcelona\\\/\"},{\"@type\":\"ListItem\",\"position\":2,\"name\":\"Pars planitis, a common eye inflammation in childhood\"}]},{\"@type\":\"WebSite\",\"@id\":\"https:\\\/\\\/www.vision-clinic.es\\\/#website\",\"url\":\"https:\\\/\\\/www.vision-clinic.es\\\/\",\"name\":\"visi\u00f5ncl\u00ednic\",\"description\":\"Cl\u00ednica oftalmol\u00f3gica de barnacl\u00ednic+ y Cl\u00ednicas Mi |\u00a0El val\u00f5r de ver bi\u00e9n\",\"publisher\":{\"@id\":\"https:\\\/\\\/www.vision-clinic.es\\\/#organization\"},\"potentialAction\":[{\"@type\":\"SearchAction\",\"target\":{\"@type\":\"EntryPoint\",\"urlTemplate\":\"https:\\\/\\\/www.vision-clinic.es\\\/?s={search_term_string}\"},\"query-input\":{\"@type\":\"PropertyValueSpecification\",\"valueRequired\":true,\"valueName\":\"search_term_string\"}}],\"inLanguage\":\"en-US\"},{\"@type\":\"Organization\",\"@id\":\"https:\\\/\\\/www.vision-clinic.es\\\/#organization\",\"name\":\"visi\u00f5ncl\u00ednic\",\"url\":\"https:\\\/\\\/www.vision-clinic.es\\\/\",\"logo\":{\"@type\":\"ImageObject\",\"inLanguage\":\"en-US\",\"@id\":\"https:\\\/\\\/www.vision-clinic.es\\\/#\\\/schema\\\/logo\\\/image\\\/\",\"url\":\"https:\\\/\\\/www.vision-clinic.es\\\/wp-content\\\/uploads\\\/2021\\\/10\\\/logo-web-visionclinic-cob.png\",\"contentUrl\":\"https:\\\/\\\/www.vision-clinic.es\\\/wp-content\\\/uploads\\\/2021\\\/10\\\/logo-web-visionclinic-cob.png\",\"width\":395,\"height\":100,\"caption\":\"visi\u00f5ncl\u00ednic\"},\"image\":{\"@id\":\"https:\\\/\\\/www.vision-clinic.es\\\/#\\\/schema\\\/logo\\\/image\\\/\"}},{\"@type\":\"Person\",\"@id\":\"https:\\\/\\\/www.vision-clinic.es\\\/#\\\/schema\\\/person\\\/2eb955a187e138d5f5c87cca23469c77\",\"name\":\"lai.amoros\",\"sameAs\":[\"http:\\\/\\\/antaviana\"],\"url\":\"https:\\\/\\\/www.vision-clinic.es\\\/en\\\/author\\\/lai-amoros\\\/\"}]}<\/script>\n<!-- \/ Yoast SEO plugin. -->","yoast_head_json":{"title":"Pars planitis, a common eye inflammation in childhood - visi\u00f5ncl\u00ednic","description":"Pars planitis is an inflammation of a specific part of the eye, with typical clinical signs and frequent in childhood.","robots":{"index":"index","follow":"follow","max-snippet":"max-snippet:-1","max-image-preview":"max-image-preview:large","max-video-preview":"max-video-preview:-1"},"canonical":"https:\/\/www.vision-clinic.es\/en\/pars-planitis-a-common-eye-inflammation-in-childhood\/","og_locale":"en_US","og_type":"article","og_title":"Pars planitis, a common eye inflammation in childhood - visi\u00f5ncl\u00ednic","og_description":"Pars planitis is an inflammation of a specific part of the eye, with typical clinical signs and frequent in childhood.","og_url":"https:\/\/www.vision-clinic.es\/en\/pars-planitis-a-common-eye-inflammation-in-childhood\/","og_site_name":"visi\u00f5ncl\u00ednic","article_published_time":"2023-01-11T09:18:05+00:00","article_modified_time":"2025-03-07T11:05:48+00:00","og_image":[{"width":2121,"height":1414,"url":"https:\/\/www.vision-clinic.es\/wp-content\/uploads\/2022\/03\/parsplanitis-infancia2.jpeg","type":"image\/jpeg"}],"author":"lai.amoros","twitter_card":"summary_large_image","twitter_misc":{"Written by":"lai.amoros","Est. reading time":"4 minutes"},"schema":{"@context":"https:\/\/schema.org","@graph":[{"@type":"Article","@id":"https:\/\/www.vision-clinic.es\/en\/pars-planitis-a-common-eye-inflammation-in-childhood\/#article","isPartOf":{"@id":"https:\/\/www.vision-clinic.es\/en\/pars-planitis-a-common-eye-inflammation-in-childhood\/"},"author":{"name":"lai.amoros","@id":"https:\/\/www.vision-clinic.es\/#\/schema\/person\/2eb955a187e138d5f5c87cca23469c77"},"headline":"Pars planitis, a common eye inflammation in childhood","datePublished":"2023-01-11T09:18:05+00:00","dateModified":"2025-03-07T11:05:48+00:00","mainEntityOfPage":{"@id":"https:\/\/www.vision-clinic.es\/en\/pars-planitis-a-common-eye-inflammation-in-childhood\/"},"wordCount":658,"publisher":{"@id":"https:\/\/www.vision-clinic.es\/#organization"},"image":{"@id":"https:\/\/www.vision-clinic.es\/en\/pars-planitis-a-common-eye-inflammation-in-childhood\/#primaryimage"},"thumbnailUrl":"https:\/\/www.vision-clinic.es\/wp-content\/uploads\/2022\/03\/parsplanitis-infancia2.jpeg","keywords":["children","neurooftalmolog\u00eda","pars planitis","Retina","uveitis"],"articleSection":["Uveitis"],"inLanguage":"en-US"},{"@type":"WebPage","@id":"https:\/\/www.vision-clinic.es\/en\/pars-planitis-a-common-eye-inflammation-in-childhood\/","url":"https:\/\/www.vision-clinic.es\/en\/pars-planitis-a-common-eye-inflammation-in-childhood\/","name":"Pars planitis, a common eye inflammation in childhood - visi\u00f5ncl\u00ednic","isPartOf":{"@id":"https:\/\/www.vision-clinic.es\/#website"},"primaryImageOfPage":{"@id":"https:\/\/www.vision-clinic.es\/en\/pars-planitis-a-common-eye-inflammation-in-childhood\/#primaryimage"},"image":{"@id":"https:\/\/www.vision-clinic.es\/en\/pars-planitis-a-common-eye-inflammation-in-childhood\/#primaryimage"},"thumbnailUrl":"https:\/\/www.vision-clinic.es\/wp-content\/uploads\/2022\/03\/parsplanitis-infancia2.jpeg","datePublished":"2023-01-11T09:18:05+00:00","dateModified":"2025-03-07T11:05:48+00:00","description":"Pars planitis is an inflammation of a specific part of the eye, with typical clinical signs and frequent in childhood.","breadcrumb":{"@id":"https:\/\/www.vision-clinic.es\/en\/pars-planitis-a-common-eye-inflammation-in-childhood\/#breadcrumb"},"inLanguage":"en-US","potentialAction":[{"@type":"ReadAction","target":["https:\/\/www.vision-clinic.es\/en\/pars-planitis-a-common-eye-inflammation-in-childhood\/"]}]},{"@type":"ImageObject","inLanguage":"en-US","@id":"https:\/\/www.vision-clinic.es\/en\/pars-planitis-a-common-eye-inflammation-in-childhood\/#primaryimage","url":"https:\/\/www.vision-clinic.es\/wp-content\/uploads\/2022\/03\/parsplanitis-infancia2.jpeg","contentUrl":"https:\/\/www.vision-clinic.es\/wp-content\/uploads\/2022\/03\/parsplanitis-infancia2.jpeg","width":2121,"height":1414,"caption":"Eyes of a beautiful girl with long eyelashes close-up"},{"@type":"BreadcrumbList","@id":"https:\/\/www.vision-clinic.es\/en\/pars-planitis-a-common-eye-inflammation-in-childhood\/#breadcrumb","itemListElement":[{"@type":"ListItem","position":1,"name":"Portada","item":"https:\/\/www.vision-clinic.es\/en\/visionclinic-barnaclinic-ophthalmology-clinic-barcelona\/"},{"@type":"ListItem","position":2,"name":"Pars planitis, a common eye inflammation in childhood"}]},{"@type":"WebSite","@id":"https:\/\/www.vision-clinic.es\/#website","url":"https:\/\/www.vision-clinic.es\/","name":"visi\u00f5ncl\u00ednic","description":"Cl\u00ednica oftalmol\u00f3gica de barnacl\u00ednic+ y Cl\u00ednicas Mi |\u00a0El val\u00f5r de ver bi\u00e9n","publisher":{"@id":"https:\/\/www.vision-clinic.es\/#organization"},"potentialAction":[{"@type":"SearchAction","target":{"@type":"EntryPoint","urlTemplate":"https:\/\/www.vision-clinic.es\/?s={search_term_string}"},"query-input":{"@type":"PropertyValueSpecification","valueRequired":true,"valueName":"search_term_string"}}],"inLanguage":"en-US"},{"@type":"Organization","@id":"https:\/\/www.vision-clinic.es\/#organization","name":"visi\u00f5ncl\u00ednic","url":"https:\/\/www.vision-clinic.es\/","logo":{"@type":"ImageObject","inLanguage":"en-US","@id":"https:\/\/www.vision-clinic.es\/#\/schema\/logo\/image\/","url":"https:\/\/www.vision-clinic.es\/wp-content\/uploads\/2021\/10\/logo-web-visionclinic-cob.png","contentUrl":"https:\/\/www.vision-clinic.es\/wp-content\/uploads\/2021\/10\/logo-web-visionclinic-cob.png","width":395,"height":100,"caption":"visi\u00f5ncl\u00ednic"},"image":{"@id":"https:\/\/www.vision-clinic.es\/#\/schema\/logo\/image\/"}},{"@type":"Person","@id":"https:\/\/www.vision-clinic.es\/#\/schema\/person\/2eb955a187e138d5f5c87cca23469c77","name":"lai.amoros","sameAs":["http:\/\/antaviana"],"url":"https:\/\/www.vision-clinic.es\/en\/author\/lai-amoros\/"}]}},"_links":{"self":[{"href":"https:\/\/www.vision-clinic.es\/en\/wp-json\/wp\/v2\/posts\/11038","targetHints":{"allow":["GET"]}}],"collection":[{"href":"https:\/\/www.vision-clinic.es\/en\/wp-json\/wp\/v2\/posts"}],"about":[{"href":"https:\/\/www.vision-clinic.es\/en\/wp-json\/wp\/v2\/types\/post"}],"author":[{"embeddable":true,"href":"https:\/\/www.vision-clinic.es\/en\/wp-json\/wp\/v2\/users\/3"}],"replies":[{"embeddable":true,"href":"https:\/\/www.vision-clinic.es\/en\/wp-json\/wp\/v2\/comments?post=11038"}],"version-history":[{"count":14,"href":"https:\/\/www.vision-clinic.es\/en\/wp-json\/wp\/v2\/posts\/11038\/revisions"}],"predecessor-version":[{"id":13794,"href":"https:\/\/www.vision-clinic.es\/en\/wp-json\/wp\/v2\/posts\/11038\/revisions\/13794"}],"wp:featuredmedia":[{"embeddable":true,"href":"https:\/\/www.vision-clinic.es\/en\/wp-json\/wp\/v2\/media\/10437"}],"wp:attachment":[{"href":"https:\/\/www.vision-clinic.es\/en\/wp-json\/wp\/v2\/media?parent=11038"}],"wp:term":[{"taxonomy":"category","embeddable":true,"href":"https:\/\/www.vision-clinic.es\/en\/wp-json\/wp\/v2\/categories?post=11038"},{"taxonomy":"post_tag","embeddable":true,"href":"https:\/\/www.vision-clinic.es\/en\/wp-json\/wp\/v2\/tags?post=11038"},{"taxonomy":"autores","embeddable":true,"href":"https:\/\/www.vision-clinic.es\/en\/wp-json\/wp\/v2\/autores?post=11038"},{"taxonomy":"tipo_de_blog","embeddable":true,"href":"https:\/\/www.vision-clinic.es\/en\/wp-json\/wp\/v2\/tipo_de_blog?post=11038"}],"curies":[{"name":"wp","href":"https:\/\/api.w.org\/{rel}","templated":true}]}}